{"id":2284,"date":"2017-06-03T00:52:39","date_gmt":"2017-06-02T23:52:39","guid":{"rendered":"https:\/\/sgxx.org\/?p=2284"},"modified":"2017-06-04T18:30:46","modified_gmt":"2017-06-04T17:30:46","slug":"es-sacrilego-plantearse-el-envejecimiento-como-un-fracaso-entrevista-al-presidente-de-la-segg-jose-antonio-lopez-trigo","status":"publish","type":"post","link":"https:\/\/sgxx.org\/es\/es-sacrilego-plantearse-el-envejecimiento-como-un-fracaso-entrevista-al-presidente-de-la-segg-jose-antonio-lopez-trigo\/","title":{"rendered":"\u201cEs sacr\u00edlego plantearse el envejecimiento como un fracaso\u201d. Entrevista al presidente de la SEGG, Jos\u00e9 Antonio L\u00f3pez Trigo"},"content":{"rendered":"<p><a href=\"https:\/\/sgxx.org\/wp-content\/uploads\/2017\/06\/LopezTrigo1.jpg\"><img decoding=\"async\" class=\"alignright size-medium wp-image-2288\" src=\"https:\/\/sgxx.org\/wp-content\/uploads\/2017\/06\/LopezTrigo1-234x300.jpg\" alt=\"\" width=\"234\" height=\"300\" srcset=\"https:\/\/sgxx.org\/wp-content\/uploads\/2017\/06\/LopezTrigo1-234x300.jpg 234w, https:\/\/sgxx.org\/wp-content\/uploads\/2017\/06\/LopezTrigo1-109x140.jpg 109w, https:\/\/sgxx.org\/wp-content\/uploads\/2017\/06\/LopezTrigo1-500x642.jpg 500w, https:\/\/sgxx.org\/wp-content\/uploads\/2017\/06\/LopezTrigo1.jpg 600w\" sizes=\"(max-width: 234px) 100vw, 234px\" \/><\/a><a href=\"https:\/\/sgxx.org\/wp-content\/uploads\/2017\/06\/Geriatr\u00eda1.jpg\"><img decoding=\"async\" class=\"size-medium wp-image-2289 alignleft\" src=\"https:\/\/sgxx.org\/wp-content\/uploads\/2017\/06\/Geriatr\u00eda1-300x200.jpg\" alt=\"\" width=\"300\" height=\"200\" srcset=\"https:\/\/sgxx.org\/wp-content\/uploads\/2017\/06\/Geriatr\u00eda1-300x200.jpg 300w, https:\/\/sgxx.org\/wp-content\/uploads\/2017\/06\/Geriatr\u00eda1-200x133.jpg 200w, https:\/\/sgxx.org\/wp-content\/uploads\/2017\/06\/Geriatr\u00eda1-150x100.jpg 150w, https:\/\/sgxx.org\/wp-content\/uploads\/2017\/06\/Geriatr\u00eda1-500x333.jpg 500w, https:\/\/sgxx.org\/wp-content\/uploads\/2017\/06\/Geriatr\u00eda1.jpg 600w\" sizes=\"(max-width: 300px) 100vw, 300px\" \/><\/a><a href=\"https:\/\/sgxx.org\/wp-content\/uploads\/2017\/06\/Geriatria2.jpg\"><img decoding=\"async\" class=\"alignright size-medium wp-image-2290\" src=\"https:\/\/sgxx.org\/wp-content\/uploads\/2017\/06\/Geriatria2-300x200.jpg\" alt=\"\" width=\"300\" height=\"200\" srcset=\"https:\/\/sgxx.org\/wp-content\/uploads\/2017\/06\/Geriatria2-300x200.jpg 300w, https:\/\/sgxx.org\/wp-content\/uploads\/2017\/06\/Geriatria2-200x133.jpg 200w, https:\/\/sgxx.org\/wp-content\/uploads\/2017\/06\/Geriatria2-150x100.jpg 150w, https:\/\/sgxx.org\/wp-content\/uploads\/2017\/06\/Geriatria2-500x333.jpg 500w, https:\/\/sgxx.org\/wp-content\/uploads\/2017\/06\/Geriatria2.jpg 600w\" sizes=\"(max-width: 300px) 100vw, 300px\" \/><\/a><a href=\"https:\/\/sgxx.org\/wp-content\/uploads\/2017\/06\/Geriatria3.jpg\"><img decoding=\"async\" class=\"alignright size-medium wp-image-2291\" src=\"https:\/\/sgxx.org\/wp-content\/uploads\/2017\/06\/Geriatria3-200x300.jpg\" alt=\"\" width=\"200\" height=\"300\" srcset=\"https:\/\/sgxx.org\/wp-content\/uploads\/2017\/06\/Geriatria3-200x300.jpg 200w, https:\/\/sgxx.org\/wp-content\/uploads\/2017\/06\/Geriatria3-93x140.jpg 93w, https:\/\/sgxx.org\/wp-content\/uploads\/2017\/06\/Geriatria3.jpg 400w\" sizes=\"(max-width: 200px) 100vw, 200px\" \/><\/a><\/p>\n<p>&nbsp;<\/p>\n<p>&nbsp;<\/p>\n<p>&nbsp;<\/p>\n<p>&nbsp;<\/p>\n<p>&nbsp;<\/p>\n<p>&nbsp;<\/p>\n<p>&nbsp;<\/p>\n<p>&nbsp;<\/p>\n<p>&nbsp;<\/p>\n<p>&nbsp;<\/p>\n<p>(V\u00edctor Sariego, 3\/5\/2017).- Que existe una gran necesidad de geriatras y servicios de geriatr\u00eda p\u00fablicos tanto en Galicia como en el resto de Espa\u00f1a y que el envejecimiento no es un problema, sino un logro y una gran oportunidad es algo que queda muy claro despu\u00e9s de escuchar al presidente de la Sociedad Espa\u00f1ola de Geriatr\u00eda y Gerontolog\u00eda (SEGG), <strong>Jos\u00e9 Antonio L\u00f3pez Trigo<\/strong>. Doctor especialista en Geriatr\u00eda y diplomado en Gerontolog\u00eda Social, es acad\u00e9mico de Ciencias con responsabilidades en el \u00c1rea de Microbiolog\u00eda y Salud P\u00fablica. En la actualidad, desarrolla su labor profesional en el \u00c1rea de Accesibilidad del Ayuntamiento de M\u00e1laga, en el Hospital Quir\u00f3n M\u00e1laga y tambi\u00e9n como m\u00e9dico de residencias.<\/p>\n<p>El presidente de la SEGG dedica gran parte de sus esfuerzos al <a href=\"http:\/\/www.geriatria2017.com\">59 Congreso Internacional de la entidad y el 29 Congreso Internacional de la Sociedade Galega de Xeriatr\u00eda y Xerontolox\u00eda (SGXX)<\/a> que ambas celebran conjuntamente el 7, 8 y 9 de junio en A Coru\u00f1a.<\/p>\n<p>Cerca de <strong>1.400 congresistas<\/strong>, m\u00e1s de <strong>120 ponentes<\/strong> de reconocido prestigio internacional de Galicia, el resto del Estado y pa\u00edses como Portugal, Suiza, Estados Unidos, Chile, Uruguay&#8230; Hasta <strong>482 comunicaciones cient\u00edficas<\/strong>, siete <strong>simposios cl\u00ednicos<\/strong>, seis <strong>simposios sociales<\/strong>, tres <strong>simposios biol\u00f3gicos<\/strong>, cinco cursos, seis talleres y sesiones especiales\u2026 Un encuentro cient\u00edfico y profesional \u201cexcepcional y destacado a nivel mundial por su carga formativa, investigadora y el n\u00famero y calidad de sus ponentes\u201d explica. La enorme importancia de este congreso y el hecho de que se celebre en Galicia radica en el gran avance del envejecimiento como fen\u00f3meno mundial nunca antes visto en la historia de la humanidad que, \u201clejos de verse como una oportunidad, se empieza a percibir como un problema en algunos \u00e1mbitos\u201d matiza este experto. Sin embargo, subraya, este es un nuevo fen\u00f3meno que exige a su vez un nuevo abordaje que d\u00e9 respuesta en positivo a esta situaci\u00f3n, comenta, integrando las experiencias e investigaciones de todo los expertos en materia de envejecimiento, \u201cno s\u00f3lo desde la l\u00ednea m\u00e9dica\u201d, como es la pretensi\u00f3n y otro de los pilares importantes de este Congreso, \u201csino tambi\u00e9n desde la l\u00ednea gerontol\u00f3gica que tiene en cuenta todo tipo de factores, en definitiva todo lo que tiene que ver con el envejecimiento y que este sea satisfactorio\u201d.<\/p>\n<p><strong>Del Congreso se extraen cifras muy importantes de participaci\u00f3n y prestigio. \u00bfEn qu\u00e9 radica el \u00e9xito de convocatoria y la trascendencia de este Congreso?<\/strong><\/p>\n<p>Sobre todo por los temas que trata, que son los que nos ata\u00f1en a los profesionales del sector en el d\u00eda a d\u00eda, en esta ocasi\u00f3n muy de actualidad, como son todos aquellos relacionados con la cronicidad y el propio envejecimiento. Y lo vamos a abordar desde dos perspectivas. Una, la de la prevenci\u00f3n, para evitar problemas y que el envejecimiento sea satisfactorio y tambi\u00e9n desde la intenci\u00f3n de aportar innovaci\u00f3n, tanto para que se genere envejecimiento satisfactorio tambi\u00e9n, como para que la cronicidad, la dependencia, la incapacidad, etc. puedan evolucionar de la mejor forma posible.<\/p>\n<p><strong>El envejecimiento no para de crecer, sin embargo, en muchos \u00e1mbitos se aprecia como una amenaza o un problema y no como una oportunidad como dice el lema de su Congreso.<\/strong><\/p>\n<p>De ah\u00ed que en el programa de este congreso hablemos de oportunidades. Es sacr\u00edlego, como hacen muchos, plantearse el envejecimiento como un fracaso. Me ha ocurrido muy recientemente en una reuni\u00f3n del sector que una persona hablaba de la <em>maldici\u00f3n<\/em> de la sociedad envejecida. Esto es un error, un enfoque totalmente equivocado. El envejecimiento es un logro, un triunfo. Por el que, como todos, hay que abonar un peaje, como por ejemplo m\u00e1s cargas asistenciales, mayor discapacidad o dependencia en las personas mayores. Pero la opci\u00f3n contraria, no envejecer, no es nada buena y nadie la quiere. Consecuentemente tampoco se puede discriminar, estereotipar y calificar a las personas mayores como culpables de llevarse la mayor\u00eda de los recursos sanitarios y econ\u00f3micos de la sociedad y de que no vaya a ver pensiones en un futuro\u2026.<\/p>\n<p><strong>\u00bfQu\u00e9 temas destaca del programa?<\/strong><\/p>\n<p>Vamos a tratar en profundidad de nuevas tecnolog\u00edas en el sector de la geriatr\u00eda y la gerontolog\u00eda, las formas de abordar problemas de salud antiguos que afectan en gran medida a las personas mayores como las afecciones cardiacas o la anticoagulaci\u00f3n y tambi\u00e9n, como hacemos habitualmente en todos los congresos anuales, un formato de cursos de actualizaci\u00f3n profesional, en todos estos \u00e1mbitos, denominado Geriactualidad, que es la actividad cient\u00edfica que m\u00e1s movilizaci\u00f3n profesional y cient\u00edfica genera en estos congresos y en la que, durante una ma\u00f1ana y con un grupo de reconocidos expertos en la materia se analizan las novedades cient\u00edficas del sector en el \u00faltimo a\u00f1o exclusivamente. En varios \u00e1mbitos y siempre dentro de la geriatr\u00eda y la gerontolog\u00eda, como la nutrici\u00f3n, en demencias, manejo del riesgo cardiovascular\u2026 as\u00ed hasta ocho par\u00e1metros.<\/p>\n<p><strong>\u00bfCu\u00e1les ser\u00edan algunas de esas novedades?<\/strong><\/p>\n<p>En cuanto al \u00e1mbito puramente cl\u00ednico, la aparici\u00f3n de nuevos f\u00e1rmacos que nos van a ayudar a controlar un problema tremendamente frecuente como la insuficiencia cardiaca en la ancianidad, el deterioro cognitivo leve, la p\u00e9rdida de capacidad intelectual que puede abocar en una demencia\u2026<\/p>\n<p><strong>\u00bfEstas ser\u00edan las enfermedades de mayor incidencia entre las personas mayores?<\/strong><\/p>\n<p>As\u00ed es. Son las de mayor prevalencia y las que mayor \u00edndice de afectaci\u00f3n tienen. Por ejemplo, se estima que la insuficiencia cardiaca va a afectar a uno de cuatro personas mayores en nuestro pa\u00eds y siempre ligado a la edad. Es decir, a m\u00e1s a\u00f1os cumplidos, mayor \u00edndice de probabilidad de desarrollar insuficiencia cardiaca. O la demencia que afecta de media a una de cada cinco personas mayores, lo que avanza conforme se avanza en edad. As\u00ed, a partir de los 90 a\u00f1os, la probabilidad sube hasta llegar a una de cada dos personas, es decir, el 50 por ciento de la poblaci\u00f3n.<\/p>\n<p><strong>\u00bfC\u00f3mo afrontar estas enfermedades tanto desde el punto de vista personal como profesional?<\/strong><\/p>\n<p>Ante estas enfermedades, tanto desde la poblaci\u00f3n en general como desde el sector profesional hay que intentar que no aparezcan, es decir, insistir en la prevenci\u00f3n con h\u00e1bitos y modos de vida saludables, control de factores de riesgo que sabemos que existen como por ejemplo la hipertensi\u00f3n, la diabetes, problemas de circulaci\u00f3n y sangre\u2026 por lo tanto, siempre la primera norma o criterio para evitar la enfermedad es evitar que aparezcan los problemas. A nivel profesional lo mejor para afrontar estas enfermedades es abordarlas con las mejores tecnolog\u00edas diagn\u00f3sticas de que disponemos y los avances farmacol\u00f3gicos. Y, por supuesto, la formaci\u00f3n profesional, uno de los pilares b\u00e1sicos de la ciencia y del avance cient\u00edfico y de la buena atenci\u00f3n a las personas. Sobre la formaci\u00f3n y la \u00e9tica en la aplicaci\u00f3n del conocimiento radican las bases de determinadas formas de hacer.<\/p>\n<p><strong>\u00bfTodo ello son contenidos que se van a tratar en este Congreso?<\/strong><\/p>\n<p>Por supuesto. Adem\u00e1s queremos centrar la atenci\u00f3n, con un foco important\u00edsimo en apoyar el desarrollo de la Geriatr\u00eda en Galicia que es ya, seg\u00fan Eurostat, la Comunidad m\u00e1s envejecida de Espa\u00f1a y una de las diez m\u00e1s envejecidas de Europa. Con particularidades y caracter\u00edsticas en su envejecimiento \u00fanicas en el mundo, sin un crecimiento harm\u00f3nico frente al crecimiento demogr\u00e1fico y a la demanda de la atenci\u00f3n que necesitan las personas mayores en cuanto al desarrollo de la geriatr\u00eda como especialidad m\u00e9dica. Hay una gran necesidad de unidades geri\u00e1tricas y especialistas geriatras tanto en Galicia como en el resto de Espa\u00f1a que no se cubren o que incluso se rechazan p\u00fablicamente como se ha podido comprobar recientemente.<\/p>\n<p><strong>\u00bfSe refiere al caso del hospital comarcal de Monforte, en Lugo, donde el \u00e1rea de medicina interna rechaza un nuevo servicio de consultas geri\u00e1tricas? <\/strong><\/p>\n<p>Eso es. Esta semana he podido leer con sorpresa y con mucho desagrado el caso del hospital comarcal de Monforte y lo que dicen sus internistas. Lo primero que tengo que decir ante esto es que la mejora en la atenci\u00f3n a las personas no se consigue excluyendo a otras especialidades, sino integr\u00e1ndolas. Y lo segundo, que la especialidad en la que se forma espec\u00edficamente al m\u00e9dico o m\u00e9dica para atender a las personas mayores con problemas, no es precisamente la medicina interna. Es que, adem\u00e1s, la geriatr\u00eda se incluye en el mismo Real Decreto de especialidades que la medicina interna y no es una especialidad que tenga que demostrar nada porque ya lo ha demostrado todo.<\/p>\n<p><strong>\u00bfQu\u00e9 es lo que m\u00e1s le llama la atenci\u00f3n de este asunto?<\/strong><\/p>\n<p>No entiendo que los internistas condicionen y rechacen la existencia de consultas de geriatr\u00eda y no las de oncolog\u00eda, cardiolog\u00eda o reumatolog\u00eda por ejemplo. Porque es adem\u00e1s una de las especialidades m\u00e9dicas que ahora siguen precisamente el mismo itinerario formativo. Por otro lado, no entender\u00eda, ni la entidad que represento lo har\u00eda, que la Conseller\u00eda de Sanidade en este caso, no dijera nada al respecto. Si yo fuera conselleiro les dir\u00eda a los internistas que el que organiza los servicios del Estado es la propia Conseller\u00eda y que, este \u00e1mbito, no quiero gente que excluya a otros de mi equipo.<\/p>\n<p><strong>\u00bfEn esto subyace el miedo al envejecimiento o a su abordaje que a\u00fan existe en algunos \u00e1mbitos?<\/strong><\/p>\n<p>Miedo y adem\u00e1s, en otros \u00e1mbitos, repulsa. Creo que hay que ir llamando a las cosas por su nombre, sin tapujos. Miedo a tratar y atender a la persona, por la complejidad de tratar lo que tengo que tratar y porque no quiero que me afecte. Miedo, a pesar de que en el d\u00eda a d\u00eda todos los m\u00e9dicos y m\u00e9dicas, excepto los pediatras, tenemos pacientes mayores a los que tratar porque es nuestra obligaci\u00f3n y vocaci\u00f3n. Y por otro lado repulsa. Vemos en muchas ocasiones c\u00f3mo se discrimina por edad, c\u00f3mo no se atiende de la misma forma a personas mayores que a las j\u00f3venes o c\u00f3mo algunas personas toman decisiones por las personas mayores\u2026 no veo que se reivindique que se refuerce la medicina interna y no aparezcan los geriatras por ning\u00fan lado. Es una necesidad real y demandada que se cuestiona y se excluye como si fuera a molestar o como algo raro. Por el contrario: que vengan los geriatras, que hay pacientes para todos. Lo \u00fanico que tenemos que procurar es tener la mayor cantidad de medios y dispositivos posibles para atender bien a las personas.<\/p>\n<p><strong>Sin olvidarnos de la gerontolog\u00eda, otro de los \u00e1mbitos de este Congreso.<\/strong><\/p>\n<p>La gerontolog\u00eda es un \u00e1mbito m\u00e1s amplio donde se analiza todo y en la que se aglutinan todas las ciencias que tienen que ver con el envejecimiento desde la biolog\u00eda, la demograf\u00eda, la tecnolog\u00eda en el sentido que pretende mejorar el entorno, los espacios y la accesibilidad que nos rodea, etc. En definitiva, todo lo que tiene que ver con envejecer.<\/p>\n","protected":false},"excerpt":{"rendered":"<p>&nbsp; &nbsp; &nbsp; &nbsp; &nbsp; &nbsp; &nbsp; &nbsp; &nbsp; &nbsp; (V\u00edctor Sariego, 3\/5\/2017).- Que existe una gran necesidad de geriatras y servicios de geriatr\u00eda p\u00fablicos tanto en Galicia como en el resto de Espa\u00f1a y que el envejecimiento no es un problema, sino un logro y una gran oportunidad es algo que queda muy claro [&hellip;]<\/p>\n","protected":false},"author":3,"featured_media":2287,"comment_status":"open","ping_status":"open","sticky":false,"template":"","format":"standard","meta":{"footnotes":""},"categories":[2,6],"tags":[167,165,168,58,16,17,169,43,39,11],"class_list":["post-2284","post","type-post","status-publish","format-standard","has-post-thumbnail","hentry","category-actividades-e-congresos","category-actualidade","tag-congreso-de-a-coruna","tag-congreso-de-geriatria","tag-consulta-de-geriatria","tag-envejecimiento","tag-geriatria","tag-gerontologia","tag-hospital-comarcal-de-monforte","tag-jose-antonio-lopez-trigo","tag-segg","tag-sgxx"],"yoast_head":"<!-- This site is optimized with the Yoast SEO plugin v27.4 - https:\/\/yoast.com\/product\/yoast-seo-wordpress\/ -->\n<title>\u201cEs sacr\u00edlego plantearse el envejecimiento como un fracaso\u201d. Entrevista al presidente de la SEGG, Jos\u00e9 Antonio L\u00f3pez Trigo - SGXX<\/title>\n<meta name=\"robots\" content=\"index, follow, max-snippet:-1, max-image-preview:large, max-video-preview:-1\" \/>\n<link rel=\"canonical\" href=\"https:\/\/sgxx.org\/es-sacrilego-plantearse-el-envejecimiento-como-un-fracaso-entrevista-al-presidente-de-la-segg-jose-antonio-lopez-trigo\/\" \/>\n<meta property=\"og:locale\" content=\"es_ES\" \/>\n<meta property=\"og:type\" content=\"article\" \/>\n<meta property=\"og:title\" content=\"\u201cEs sacr\u00edlego plantearse el envejecimiento como un fracaso\u201d. Entrevista al presidente de la SEGG, Jos\u00e9 Antonio L\u00f3pez Trigo - SGXX\" \/>\n<meta property=\"og:description\" content=\"&nbsp; &nbsp; &nbsp; &nbsp; &nbsp; &nbsp; &nbsp; &nbsp; &nbsp; &nbsp; (V\u00edctor Sariego, 3\/5\/2017).- Que existe una gran necesidad de geriatras y servicios de geriatr\u00eda p\u00fablicos tanto en Galicia como en el resto de Espa\u00f1a y que el envejecimiento no es un problema, sino un logro y una gran oportunidad es algo que queda muy claro [&hellip;]\" \/>\n<meta property=\"og:url\" content=\"https:\/\/sgxx.org\/es-sacrilego-plantearse-el-envejecimiento-como-un-fracaso-entrevista-al-presidente-de-la-segg-jose-antonio-lopez-trigo\/\" \/>\n<meta property=\"og:site_name\" content=\"SGXX\" \/>\n<meta property=\"article:publisher\" content=\"https:\/\/es-es.facebook.com\/pages\/Sociedade-Galega-Xerontoloxia-e-Xeriatria\/327400652646\" \/>\n<meta property=\"article:published_time\" content=\"2017-06-02T23:52:39+00:00\" \/>\n<meta property=\"article:modified_time\" content=\"2017-06-04T17:30:46+00:00\" \/>\n<meta property=\"og:image\" content=\"https:\/\/sgxx.org\/wp-content\/uploads\/2017\/06\/LopezTrigo2.jpg\" \/>\n\t<meta property=\"og:image:width\" content=\"599\" \/>\n\t<meta property=\"og:image:height\" content=\"400\" \/>\n\t<meta property=\"og:image:type\" content=\"image\/jpeg\" \/>\n<meta name=\"author\" content=\"Comunicaci\u00f3n SGXX\" \/>\n<meta name=\"twitter:card\" content=\"summary_large_image\" \/>\n<meta name=\"twitter:label1\" content=\"Escrito por\" \/>\n\t<meta name=\"twitter:data1\" content=\"Comunicaci\u00f3n SGXX\" \/>\n\t<meta name=\"twitter:label2\" content=\"Tiempo de lectura\" \/>\n\t<meta name=\"twitter:data2\" content=\"10 minutos\" \/>\n<script type=\"application\/ld+json\" class=\"yoast-schema-graph\">{\"@context\":\"https:\\\/\\\/schema.org\",\"@graph\":[{\"@type\":\"Article\",\"@id\":\"https:\\\/\\\/sgxx.org\\\/es-sacrilego-plantearse-el-envejecimiento-como-un-fracaso-entrevista-al-presidente-de-la-segg-jose-antonio-lopez-trigo\\\/#article\",\"isPartOf\":{\"@id\":\"https:\\\/\\\/sgxx.org\\\/es-sacrilego-plantearse-el-envejecimiento-como-un-fracaso-entrevista-al-presidente-de-la-segg-jose-antonio-lopez-trigo\\\/\"},\"author\":{\"name\":\"Comunicaci\u00f3n SGXX\",\"@id\":\"https:\\\/\\\/sgxx.org\\\/#\\\/schema\\\/person\\\/6ff53a68441cbed603a543cc7deea4ad\"},\"headline\":\"\u201cEs sacr\u00edlego plantearse el envejecimiento como un fracaso\u201d. Entrevista al presidente de la SEGG, Jos\u00e9 Antonio L\u00f3pez Trigo\",\"datePublished\":\"2017-06-02T23:52:39+00:00\",\"dateModified\":\"2017-06-04T17:30:46+00:00\",\"mainEntityOfPage\":{\"@id\":\"https:\\\/\\\/sgxx.org\\\/es-sacrilego-plantearse-el-envejecimiento-como-un-fracaso-entrevista-al-presidente-de-la-segg-jose-antonio-lopez-trigo\\\/\"},\"wordCount\":1954,\"commentCount\":0,\"publisher\":{\"@id\":\"https:\\\/\\\/sgxx.org\\\/#organization\"},\"image\":{\"@id\":\"https:\\\/\\\/sgxx.org\\\/es-sacrilego-plantearse-el-envejecimiento-como-un-fracaso-entrevista-al-presidente-de-la-segg-jose-antonio-lopez-trigo\\\/#primaryimage\"},\"thumbnailUrl\":\"https:\\\/\\\/sgxx.org\\\/wp-content\\\/uploads\\\/2017\\\/06\\\/LopezTrigo2.jpg\",\"keywords\":[\"Congreso de A Coru\u00f1a\",\"Congreso de geriatria\",\"consulta de geriatr\u00eda\",\"envejecimiento\",\"geriatr\u00eda\",\"gerontolog\u00eda\",\"hospital comarcal de Monforte\",\"Jose Antonio Lopez Trigo\",\"SEGG\",\"SGXX\"],\"articleSection\":[\"Actividades e Congresos\",\"Actualidade\"],\"inLanguage\":\"es\",\"potentialAction\":[{\"@type\":\"CommentAction\",\"name\":\"Comment\",\"target\":[\"https:\\\/\\\/sgxx.org\\\/es-sacrilego-plantearse-el-envejecimiento-como-un-fracaso-entrevista-al-presidente-de-la-segg-jose-antonio-lopez-trigo\\\/#respond\"]}]},{\"@type\":\"WebPage\",\"@id\":\"https:\\\/\\\/sgxx.org\\\/es-sacrilego-plantearse-el-envejecimiento-como-un-fracaso-entrevista-al-presidente-de-la-segg-jose-antonio-lopez-trigo\\\/\",\"url\":\"https:\\\/\\\/sgxx.org\\\/es-sacrilego-plantearse-el-envejecimiento-como-un-fracaso-entrevista-al-presidente-de-la-segg-jose-antonio-lopez-trigo\\\/\",\"name\":\"\u201cEs sacr\u00edlego plantearse el envejecimiento como un fracaso\u201d. Entrevista al presidente de la SEGG, Jos\u00e9 Antonio L\u00f3pez Trigo - SGXX\",\"isPartOf\":{\"@id\":\"https:\\\/\\\/sgxx.org\\\/#website\"},\"primaryImageOfPage\":{\"@id\":\"https:\\\/\\\/sgxx.org\\\/es-sacrilego-plantearse-el-envejecimiento-como-un-fracaso-entrevista-al-presidente-de-la-segg-jose-antonio-lopez-trigo\\\/#primaryimage\"},\"image\":{\"@id\":\"https:\\\/\\\/sgxx.org\\\/es-sacrilego-plantearse-el-envejecimiento-como-un-fracaso-entrevista-al-presidente-de-la-segg-jose-antonio-lopez-trigo\\\/#primaryimage\"},\"thumbnailUrl\":\"https:\\\/\\\/sgxx.org\\\/wp-content\\\/uploads\\\/2017\\\/06\\\/LopezTrigo2.jpg\",\"datePublished\":\"2017-06-02T23:52:39+00:00\",\"dateModified\":\"2017-06-04T17:30:46+00:00\",\"breadcrumb\":{\"@id\":\"https:\\\/\\\/sgxx.org\\\/es-sacrilego-plantearse-el-envejecimiento-como-un-fracaso-entrevista-al-presidente-de-la-segg-jose-antonio-lopez-trigo\\\/#breadcrumb\"},\"inLanguage\":\"es\",\"potentialAction\":[{\"@type\":\"ReadAction\",\"target\":[\"https:\\\/\\\/sgxx.org\\\/es-sacrilego-plantearse-el-envejecimiento-como-un-fracaso-entrevista-al-presidente-de-la-segg-jose-antonio-lopez-trigo\\\/\"]}]},{\"@type\":\"ImageObject\",\"inLanguage\":\"es\",\"@id\":\"https:\\\/\\\/sgxx.org\\\/es-sacrilego-plantearse-el-envejecimiento-como-un-fracaso-entrevista-al-presidente-de-la-segg-jose-antonio-lopez-trigo\\\/#primaryimage\",\"url\":\"https:\\\/\\\/sgxx.org\\\/wp-content\\\/uploads\\\/2017\\\/06\\\/LopezTrigo2.jpg\",\"contentUrl\":\"https:\\\/\\\/sgxx.org\\\/wp-content\\\/uploads\\\/2017\\\/06\\\/LopezTrigo2.jpg\",\"width\":599,\"height\":400},{\"@type\":\"BreadcrumbList\",\"@id\":\"https:\\\/\\\/sgxx.org\\\/es-sacrilego-plantearse-el-envejecimiento-como-un-fracaso-entrevista-al-presidente-de-la-segg-jose-antonio-lopez-trigo\\\/#breadcrumb\",\"itemListElement\":[{\"@type\":\"ListItem\",\"position\":1,\"name\":\"Portada\",\"item\":\"https:\\\/\\\/sgxx.org\\\/es\\\/\"},{\"@type\":\"ListItem\",\"position\":2,\"name\":\"\u201cEs sacr\u00edlego plantearse el envejecimiento como un fracaso\u201d. Entrevista al presidente de la SEGG, Jos\u00e9 Antonio L\u00f3pez Trigo\"}]},{\"@type\":\"WebSite\",\"@id\":\"https:\\\/\\\/sgxx.org\\\/#website\",\"url\":\"https:\\\/\\\/sgxx.org\\\/\",\"name\":\"SGXX\",\"description\":\"Web da Sociedade Galega de Xerontolox\u00eda e Xeriatr\u00eda\",\"publisher\":{\"@id\":\"https:\\\/\\\/sgxx.org\\\/#organization\"},\"potentialAction\":[{\"@type\":\"SearchAction\",\"target\":{\"@type\":\"EntryPoint\",\"urlTemplate\":\"https:\\\/\\\/sgxx.org\\\/?s={search_term_string}\"},\"query-input\":{\"@type\":\"PropertyValueSpecification\",\"valueRequired\":true,\"valueName\":\"search_term_string\"}}],\"inLanguage\":\"es\"},{\"@type\":\"Organization\",\"@id\":\"https:\\\/\\\/sgxx.org\\\/#organization\",\"name\":\"Sociedade Galega de Xerontolox\u00eda e Xeriatr\u00eda (SGXX)\",\"url\":\"https:\\\/\\\/sgxx.org\\\/\",\"logo\":{\"@type\":\"ImageObject\",\"inLanguage\":\"es\",\"@id\":\"https:\\\/\\\/sgxx.org\\\/#\\\/schema\\\/logo\\\/image\\\/\",\"url\":\"https:\\\/\\\/sgxx.org\\\/wp-content\\\/uploads\\\/2016\\\/09\\\/sgxx-logo-1.png\",\"contentUrl\":\"https:\\\/\\\/sgxx.org\\\/wp-content\\\/uploads\\\/2016\\\/09\\\/sgxx-logo-1.png\",\"width\":200,\"height\":200,\"caption\":\"Sociedade Galega de Xerontolox\u00eda e Xeriatr\u00eda (SGXX)\"},\"image\":{\"@id\":\"https:\\\/\\\/sgxx.org\\\/#\\\/schema\\\/logo\\\/image\\\/\"},\"sameAs\":[\"https:\\\/\\\/es-es.facebook.com\\\/pages\\\/Sociedade-Galega-Xerontoloxia-e-Xeriatria\\\/327400652646\"]},{\"@type\":\"Person\",\"@id\":\"https:\\\/\\\/sgxx.org\\\/#\\\/schema\\\/person\\\/6ff53a68441cbed603a543cc7deea4ad\",\"name\":\"Comunicaci\u00f3n SGXX\",\"image\":{\"@type\":\"ImageObject\",\"inLanguage\":\"es\",\"@id\":\"https:\\\/\\\/secure.gravatar.com\\\/avatar\\\/e3e5e584f6a676cdca6957289472b6c0e22e4ddba0fefe9522ac7c10765b2b7a?s=96&d=mm&r=g\",\"url\":\"https:\\\/\\\/secure.gravatar.com\\\/avatar\\\/e3e5e584f6a676cdca6957289472b6c0e22e4ddba0fefe9522ac7c10765b2b7a?s=96&d=mm&r=g\",\"contentUrl\":\"https:\\\/\\\/secure.gravatar.com\\\/avatar\\\/e3e5e584f6a676cdca6957289472b6c0e22e4ddba0fefe9522ac7c10765b2b7a?s=96&d=mm&r=g\",\"caption\":\"Comunicaci\u00f3n SGXX\"}}]}<\/script>\n<!-- \/ Yoast SEO plugin. -->","yoast_head_json":{"title":"\u201cEs sacr\u00edlego plantearse el envejecimiento como un fracaso\u201d. Entrevista al presidente de la SEGG, Jos\u00e9 Antonio L\u00f3pez Trigo - SGXX","robots":{"index":"index","follow":"follow","max-snippet":"max-snippet:-1","max-image-preview":"max-image-preview:large","max-video-preview":"max-video-preview:-1"},"canonical":"https:\/\/sgxx.org\/es-sacrilego-plantearse-el-envejecimiento-como-un-fracaso-entrevista-al-presidente-de-la-segg-jose-antonio-lopez-trigo\/","og_locale":"es_ES","og_type":"article","og_title":"\u201cEs sacr\u00edlego plantearse el envejecimiento como un fracaso\u201d. Entrevista al presidente de la SEGG, Jos\u00e9 Antonio L\u00f3pez Trigo - SGXX","og_description":"&nbsp; &nbsp; &nbsp; &nbsp; &nbsp; &nbsp; &nbsp; &nbsp; &nbsp; &nbsp; (V\u00edctor Sariego, 3\/5\/2017).- Que existe una gran necesidad de geriatras y servicios de geriatr\u00eda p\u00fablicos tanto en Galicia como en el resto de Espa\u00f1a y que el envejecimiento no es un problema, sino un logro y una gran oportunidad es algo que queda muy claro [&hellip;]","og_url":"https:\/\/sgxx.org\/es-sacrilego-plantearse-el-envejecimiento-como-un-fracaso-entrevista-al-presidente-de-la-segg-jose-antonio-lopez-trigo\/","og_site_name":"SGXX","article_publisher":"https:\/\/es-es.facebook.com\/pages\/Sociedade-Galega-Xerontoloxia-e-Xeriatria\/327400652646","article_published_time":"2017-06-02T23:52:39+00:00","article_modified_time":"2017-06-04T17:30:46+00:00","og_image":[{"width":599,"height":400,"url":"https:\/\/sgxx.org\/wp-content\/uploads\/2017\/06\/LopezTrigo2.jpg","type":"image\/jpeg"}],"author":"Comunicaci\u00f3n SGXX","twitter_card":"summary_large_image","twitter_misc":{"Escrito por":"Comunicaci\u00f3n SGXX","Tiempo de lectura":"10 minutos"},"schema":{"@context":"https:\/\/schema.org","@graph":[{"@type":"Article","@id":"https:\/\/sgxx.org\/es-sacrilego-plantearse-el-envejecimiento-como-un-fracaso-entrevista-al-presidente-de-la-segg-jose-antonio-lopez-trigo\/#article","isPartOf":{"@id":"https:\/\/sgxx.org\/es-sacrilego-plantearse-el-envejecimiento-como-un-fracaso-entrevista-al-presidente-de-la-segg-jose-antonio-lopez-trigo\/"},"author":{"name":"Comunicaci\u00f3n SGXX","@id":"https:\/\/sgxx.org\/#\/schema\/person\/6ff53a68441cbed603a543cc7deea4ad"},"headline":"\u201cEs sacr\u00edlego plantearse el envejecimiento como un fracaso\u201d. Entrevista al presidente de la SEGG, Jos\u00e9 Antonio L\u00f3pez Trigo","datePublished":"2017-06-02T23:52:39+00:00","dateModified":"2017-06-04T17:30:46+00:00","mainEntityOfPage":{"@id":"https:\/\/sgxx.org\/es-sacrilego-plantearse-el-envejecimiento-como-un-fracaso-entrevista-al-presidente-de-la-segg-jose-antonio-lopez-trigo\/"},"wordCount":1954,"commentCount":0,"publisher":{"@id":"https:\/\/sgxx.org\/#organization"},"image":{"@id":"https:\/\/sgxx.org\/es-sacrilego-plantearse-el-envejecimiento-como-un-fracaso-entrevista-al-presidente-de-la-segg-jose-antonio-lopez-trigo\/#primaryimage"},"thumbnailUrl":"https:\/\/sgxx.org\/wp-content\/uploads\/2017\/06\/LopezTrigo2.jpg","keywords":["Congreso de A Coru\u00f1a","Congreso de geriatria","consulta de geriatr\u00eda","envejecimiento","geriatr\u00eda","gerontolog\u00eda","hospital comarcal de Monforte","Jose Antonio Lopez Trigo","SEGG","SGXX"],"articleSection":["Actividades e Congresos","Actualidade"],"inLanguage":"es","potentialAction":[{"@type":"CommentAction","name":"Comment","target":["https:\/\/sgxx.org\/es-sacrilego-plantearse-el-envejecimiento-como-un-fracaso-entrevista-al-presidente-de-la-segg-jose-antonio-lopez-trigo\/#respond"]}]},{"@type":"WebPage","@id":"https:\/\/sgxx.org\/es-sacrilego-plantearse-el-envejecimiento-como-un-fracaso-entrevista-al-presidente-de-la-segg-jose-antonio-lopez-trigo\/","url":"https:\/\/sgxx.org\/es-sacrilego-plantearse-el-envejecimiento-como-un-fracaso-entrevista-al-presidente-de-la-segg-jose-antonio-lopez-trigo\/","name":"\u201cEs sacr\u00edlego plantearse el envejecimiento como un fracaso\u201d. Entrevista al presidente de la SEGG, Jos\u00e9 Antonio L\u00f3pez Trigo - SGXX","isPartOf":{"@id":"https:\/\/sgxx.org\/#website"},"primaryImageOfPage":{"@id":"https:\/\/sgxx.org\/es-sacrilego-plantearse-el-envejecimiento-como-un-fracaso-entrevista-al-presidente-de-la-segg-jose-antonio-lopez-trigo\/#primaryimage"},"image":{"@id":"https:\/\/sgxx.org\/es-sacrilego-plantearse-el-envejecimiento-como-un-fracaso-entrevista-al-presidente-de-la-segg-jose-antonio-lopez-trigo\/#primaryimage"},"thumbnailUrl":"https:\/\/sgxx.org\/wp-content\/uploads\/2017\/06\/LopezTrigo2.jpg","datePublished":"2017-06-02T23:52:39+00:00","dateModified":"2017-06-04T17:30:46+00:00","breadcrumb":{"@id":"https:\/\/sgxx.org\/es-sacrilego-plantearse-el-envejecimiento-como-un-fracaso-entrevista-al-presidente-de-la-segg-jose-antonio-lopez-trigo\/#breadcrumb"},"inLanguage":"es","potentialAction":[{"@type":"ReadAction","target":["https:\/\/sgxx.org\/es-sacrilego-plantearse-el-envejecimiento-como-un-fracaso-entrevista-al-presidente-de-la-segg-jose-antonio-lopez-trigo\/"]}]},{"@type":"ImageObject","inLanguage":"es","@id":"https:\/\/sgxx.org\/es-sacrilego-plantearse-el-envejecimiento-como-un-fracaso-entrevista-al-presidente-de-la-segg-jose-antonio-lopez-trigo\/#primaryimage","url":"https:\/\/sgxx.org\/wp-content\/uploads\/2017\/06\/LopezTrigo2.jpg","contentUrl":"https:\/\/sgxx.org\/wp-content\/uploads\/2017\/06\/LopezTrigo2.jpg","width":599,"height":400},{"@type":"BreadcrumbList","@id":"https:\/\/sgxx.org\/es-sacrilego-plantearse-el-envejecimiento-como-un-fracaso-entrevista-al-presidente-de-la-segg-jose-antonio-lopez-trigo\/#breadcrumb","itemListElement":[{"@type":"ListItem","position":1,"name":"Portada","item":"https:\/\/sgxx.org\/es\/"},{"@type":"ListItem","position":2,"name":"\u201cEs sacr\u00edlego plantearse el envejecimiento como un fracaso\u201d. Entrevista al presidente de la SEGG, Jos\u00e9 Antonio L\u00f3pez Trigo"}]},{"@type":"WebSite","@id":"https:\/\/sgxx.org\/#website","url":"https:\/\/sgxx.org\/","name":"SGXX","description":"Web da Sociedade Galega de Xerontolox\u00eda e Xeriatr\u00eda","publisher":{"@id":"https:\/\/sgxx.org\/#organization"},"potentialAction":[{"@type":"SearchAction","target":{"@type":"EntryPoint","urlTemplate":"https:\/\/sgxx.org\/?s={search_term_string}"},"query-input":{"@type":"PropertyValueSpecification","valueRequired":true,"valueName":"search_term_string"}}],"inLanguage":"es"},{"@type":"Organization","@id":"https:\/\/sgxx.org\/#organization","name":"Sociedade Galega de Xerontolox\u00eda e Xeriatr\u00eda (SGXX)","url":"https:\/\/sgxx.org\/","logo":{"@type":"ImageObject","inLanguage":"es","@id":"https:\/\/sgxx.org\/#\/schema\/logo\/image\/","url":"https:\/\/sgxx.org\/wp-content\/uploads\/2016\/09\/sgxx-logo-1.png","contentUrl":"https:\/\/sgxx.org\/wp-content\/uploads\/2016\/09\/sgxx-logo-1.png","width":200,"height":200,"caption":"Sociedade Galega de Xerontolox\u00eda e Xeriatr\u00eda (SGXX)"},"image":{"@id":"https:\/\/sgxx.org\/#\/schema\/logo\/image\/"},"sameAs":["https:\/\/es-es.facebook.com\/pages\/Sociedade-Galega-Xerontoloxia-e-Xeriatria\/327400652646"]},{"@type":"Person","@id":"https:\/\/sgxx.org\/#\/schema\/person\/6ff53a68441cbed603a543cc7deea4ad","name":"Comunicaci\u00f3n SGXX","image":{"@type":"ImageObject","inLanguage":"es","@id":"https:\/\/secure.gravatar.com\/avatar\/e3e5e584f6a676cdca6957289472b6c0e22e4ddba0fefe9522ac7c10765b2b7a?s=96&d=mm&r=g","url":"https:\/\/secure.gravatar.com\/avatar\/e3e5e584f6a676cdca6957289472b6c0e22e4ddba0fefe9522ac7c10765b2b7a?s=96&d=mm&r=g","contentUrl":"https:\/\/secure.gravatar.com\/avatar\/e3e5e584f6a676cdca6957289472b6c0e22e4ddba0fefe9522ac7c10765b2b7a?s=96&d=mm&r=g","caption":"Comunicaci\u00f3n SGXX"}}]}},"_links":{"self":[{"href":"https:\/\/sgxx.org\/es\/wp-json\/wp\/v2\/posts\/2284","targetHints":{"allow":["GET"]}}],"collection":[{"href":"https:\/\/sgxx.org\/es\/wp-json\/wp\/v2\/posts"}],"about":[{"href":"https:\/\/sgxx.org\/es\/wp-json\/wp\/v2\/types\/post"}],"author":[{"embeddable":true,"href":"https:\/\/sgxx.org\/es\/wp-json\/wp\/v2\/users\/3"}],"replies":[{"embeddable":true,"href":"https:\/\/sgxx.org\/es\/wp-json\/wp\/v2\/comments?post=2284"}],"version-history":[{"count":3,"href":"https:\/\/sgxx.org\/es\/wp-json\/wp\/v2\/posts\/2284\/revisions"}],"predecessor-version":[{"id":2297,"href":"https:\/\/sgxx.org\/es\/wp-json\/wp\/v2\/posts\/2284\/revisions\/2297"}],"wp:featuredmedia":[{"embeddable":true,"href":"https:\/\/sgxx.org\/es\/wp-json\/wp\/v2\/media\/2287"}],"wp:attachment":[{"href":"https:\/\/sgxx.org\/es\/wp-json\/wp\/v2\/media?parent=2284"}],"wp:term":[{"taxonomy":"category","embeddable":true,"href":"https:\/\/sgxx.org\/es\/wp-json\/wp\/v2\/categories?post=2284"},{"taxonomy":"post_tag","embeddable":true,"href":"https:\/\/sgxx.org\/es\/wp-json\/wp\/v2\/tags?post=2284"}],"curies":[{"name":"wp","href":"https:\/\/api.w.org\/{rel}","templated":true}]}}