{"id":2336,"date":"2017-06-14T15:29:31","date_gmt":"2017-06-14T14:29:31","guid":{"rendered":"https:\/\/sgxx.org\/?p=2336"},"modified":"2017-06-14T16:32:57","modified_gmt":"2017-06-14T15:32:57","slug":"exito-en-todos-os-ambitos-do-29-congreso-da-sgxx","status":"publish","type":"post","link":"https:\/\/sgxx.org\/es\/exito-en-todos-os-ambitos-do-29-congreso-da-sgxx\/","title":{"rendered":"\u00c9xito en todos os \u00e1mbitos do 29 Congreso da SGXX"},"content":{"rendered":"<div id=\"attachment_2317\" style=\"width: 310px\" class=\"wp-caption alignleft\"><a href=\"https:\/\/sgxx.org\/wp-content\/uploads\/2017\/06\/Congreso3.jpg\"><img decoding=\"async\" aria-describedby=\"caption-attachment-2317\" class=\"wp-image-2317 size-medium\" src=\"https:\/\/sgxx.org\/wp-content\/uploads\/2017\/06\/Congreso3-300x200.jpg\" alt=\"\" width=\"300\" height=\"200\" srcset=\"https:\/\/sgxx.org\/wp-content\/uploads\/2017\/06\/Congreso3-300x200.jpg 300w, https:\/\/sgxx.org\/wp-content\/uploads\/2017\/06\/Congreso3-200x133.jpg 200w, https:\/\/sgxx.org\/wp-content\/uploads\/2017\/06\/Congreso3-150x100.jpg 150w, https:\/\/sgxx.org\/wp-content\/uploads\/2017\/06\/Congreso3-500x333.jpg 500w, https:\/\/sgxx.org\/wp-content\/uploads\/2017\/06\/Congreso3.jpg 600w\" sizes=\"(max-width: 300px) 100vw, 300px\" \/><\/a><p id=\"caption-attachment-2317\" class=\"wp-caption-text\">Ao Congreso asistiron m\u00e1is de 1.000 congresistas e 123 ponentes e se presentaron 482 comunicaci\u00f3ns cient\u00edficas<\/p><\/div>\n<div id=\"attachment_2338\" style=\"width: 310px\" class=\"wp-caption alignright\"><a href=\"https:\/\/sgxx.org\/wp-content\/uploads\/2017\/06\/Web3.jpg\"><img decoding=\"async\" aria-describedby=\"caption-attachment-2338\" class=\"wp-image-2338 size-medium\" src=\"https:\/\/sgxx.org\/wp-content\/uploads\/2017\/06\/Web3-300x200.jpg\" alt=\"\" width=\"300\" height=\"200\" srcset=\"https:\/\/sgxx.org\/wp-content\/uploads\/2017\/06\/Web3-300x200.jpg 300w, https:\/\/sgxx.org\/wp-content\/uploads\/2017\/06\/Web3-200x133.jpg 200w, https:\/\/sgxx.org\/wp-content\/uploads\/2017\/06\/Web3-150x100.jpg 150w, https:\/\/sgxx.org\/wp-content\/uploads\/2017\/06\/Web3-500x333.jpg 500w, https:\/\/sgxx.org\/wp-content\/uploads\/2017\/06\/Web3.jpg 600w\" sizes=\"(max-width: 300px) 100vw, 300px\" \/><\/a><p id=\"caption-attachment-2338\" class=\"wp-caption-text\">Jenny Lowick-Russel, da Direcci\u00f3n Sociocultural da Presidencia de Chile; Miguel \u00c1ngel V\u00e1zquez, pte. da SGXX e Enrique Vega, da Organizaci\u00f3n Panamericana de Salud.<\/p><\/div>\n<div id=\"attachment_2339\" style=\"width: 310px\" class=\"wp-caption alignleft\"><a href=\"https:\/\/sgxx.org\/wp-content\/uploads\/2017\/06\/Web4.jpg\"><img decoding=\"async\" aria-describedby=\"caption-attachment-2339\" class=\"wp-image-2339 size-medium\" src=\"https:\/\/sgxx.org\/wp-content\/uploads\/2017\/06\/Web4-300x200.jpg\" alt=\"\" width=\"300\" height=\"200\" srcset=\"https:\/\/sgxx.org\/wp-content\/uploads\/2017\/06\/Web4-300x200.jpg 300w, https:\/\/sgxx.org\/wp-content\/uploads\/2017\/06\/Web4-200x133.jpg 200w, https:\/\/sgxx.org\/wp-content\/uploads\/2017\/06\/Web4-150x100.jpg 150w, https:\/\/sgxx.org\/wp-content\/uploads\/2017\/06\/Web4-500x333.jpg 500w, https:\/\/sgxx.org\/wp-content\/uploads\/2017\/06\/Web4.jpg 600w\" sizes=\"(max-width: 300px) 100vw, 300px\" \/><\/a><p id=\"caption-attachment-2339\" class=\"wp-caption-text\">Traballando no stand da SGXX<\/p><\/div>\n<p>&nbsp;<\/p>\n<p>&nbsp;<\/p>\n<div id=\"attachment_2341\" style=\"width: 310px\" class=\"wp-caption alignright\"><a href=\"https:\/\/sgxx.org\/wp-content\/uploads\/2017\/06\/Web8.jpg\"><img decoding=\"async\" aria-describedby=\"caption-attachment-2341\" class=\"wp-image-2341 size-medium\" src=\"https:\/\/sgxx.org\/wp-content\/uploads\/2017\/06\/Web8-300x200.jpg\" alt=\"\" width=\"300\" height=\"200\" srcset=\"https:\/\/sgxx.org\/wp-content\/uploads\/2017\/06\/Web8-300x200.jpg 300w, https:\/\/sgxx.org\/wp-content\/uploads\/2017\/06\/Web8-200x133.jpg 200w, https:\/\/sgxx.org\/wp-content\/uploads\/2017\/06\/Web8-150x100.jpg 150w, https:\/\/sgxx.org\/wp-content\/uploads\/2017\/06\/Web8-500x333.jpg 500w, https:\/\/sgxx.org\/wp-content\/uploads\/2017\/06\/Web8.jpg 600w\" sizes=\"(max-width: 300px) 100vw, 300px\" \/><\/a><p id=\"caption-attachment-2341\" class=\"wp-caption-text\">Un dos momentos da primeira ponencia<\/p><\/div>\n<div id=\"attachment_2342\" style=\"width: 310px\" class=\"wp-caption alignleft\"><a href=\"https:\/\/sgxx.org\/wp-content\/uploads\/2017\/06\/Web9.jpg\"><img decoding=\"async\" aria-describedby=\"caption-attachment-2342\" class=\"wp-image-2342 size-medium\" src=\"https:\/\/sgxx.org\/wp-content\/uploads\/2017\/06\/Web9-300x200.jpg\" alt=\"\" width=\"300\" height=\"200\" srcset=\"https:\/\/sgxx.org\/wp-content\/uploads\/2017\/06\/Web9-300x200.jpg 300w, https:\/\/sgxx.org\/wp-content\/uploads\/2017\/06\/Web9-200x133.jpg 200w, https:\/\/sgxx.org\/wp-content\/uploads\/2017\/06\/Web9-150x100.jpg 150w, https:\/\/sgxx.org\/wp-content\/uploads\/2017\/06\/Web9-500x333.jpg 500w, https:\/\/sgxx.org\/wp-content\/uploads\/2017\/06\/Web9.jpg 600w\" sizes=\"(max-width: 300px) 100vw, 300px\" \/><\/a><p id=\"caption-attachment-2342\" class=\"wp-caption-text\">O presidente da Real Academia de Medicina e Cirux\u00eda de Galicia, Jos\u00e9 Carro<\/p><\/div>\n<p>&nbsp;<\/p>\n<p>&nbsp;<\/p>\n<p>&nbsp;<\/p>\n<p>&nbsp;<\/p>\n<p>&nbsp;<\/p>\n<p>&nbsp;<\/p>\n<p>&nbsp;<\/p>\n<p>&nbsp;<\/p>\n<p>&nbsp;<\/p>\n<p>&nbsp;<\/p>\n<p>&nbsp;<\/p>\n<p>&nbsp;<\/p>\n<p>&nbsp;<\/p>\n<p>&nbsp;<\/p>\n<p>&nbsp;<\/p>\n<p>(V\u00edctor Sariego, 14\/6\/2017).- A\u00a0<em>Sociedade Galega de Xerontolox\u00eda e Xeriatr\u00eda<\/em> (SGXX) valora moi positivamente o resultado do seu <strong>29 Congreso<\/strong> celebrado os pasados <strong>7, 8 e 9 de xu\u00f1o en A Coru\u00f1a<\/strong>. Un encontro internacional que, organizado xunto co <em>59 Congreso da Sociedad Espa\u00f1ola de Geriatr\u00eda y Gerontolog\u00eda<\/em> (SEGG) reun\u00edu a m\u00e1is de <strong>1.000 congresistas e 123 ponentes<\/strong> de reco\u00f1ecido prestixio de Galicia, o resto de Espa\u00f1a e pa\u00edses como Portugal, Suiza, EE.UU., Chile o Parag\u00fcai.<\/p>\n<p>\u201cFoi un gran \u00e9xito de convocatoria e de participaci\u00f3n\u201d explica o presidente da SGXX, <strong>Miguel \u00c1ngel V\u00e1zquez<\/strong>, \u201cnon s\u00f3 na cantidade de participantes e todo tipo de propostas cient\u00edficas, sociais, biol\u00f3xicas, pr\u00e1cticas\u2026 senon na s\u00faa calidade, rigurosidade e profesionalidade\u201d matiza, subli\u00f1ando, por exemplo que no Congreso se te\u00f1en presentado <strong>482 comunicaci\u00f3ns cient\u00edficas, 7 simposios cl\u00ednicos, 6 simposios sociais, 3 simposios biol\u00f3xicos, 5 cursos, 6 talleres e sesi\u00f3n especiales.<\/strong><\/p>\n<p>Un resultado, con <strong>poucos precedentes neste tipo de foros a nivel mundial<\/strong>, que o presidente da SGXX lle <strong>atribuye<\/strong> a alta involucraci\u00f3n do Comit\u00e9 Organizador, da Xunta Directiva da propia entidade, dos ponentes, congresistas e entidades participantes a quen agradeceu profundamente a s\u00faa actividade neste Congreso.<\/p>\n<h3>O envellecemento galego<\/h3>\n<p>De feito, V\u00e1zquez recorda a enorme <strong>importancia<\/strong> da celebraci\u00f3n <strong>deste Congreso e de que se faga, precisamente, en Galicia<\/strong>: o gran <strong>avance do envellecemento<\/strong> de xeito internacional que ten adem\u00e1is <strong>na Comunidade Galega particularidades espec\u00edficas e \u00fanicas no mundo<\/strong> como a dispersi\u00f3n poboacional, as dificultades de levar os servizos de proximidade pola especial orograf\u00eda e climatolox\u00eda, o aillamento de moitas persoas maiores, a convivencia de dous ou ma\u00eds octoxenarios na mesma vivenda\u2026 A d\u00eda de hoxe e segundo datos de Eurostat de 2017, Galicia ten un <strong>envellecemento poboacional do 23,5 por cento de media<\/strong> (en Espa\u00f1a a media \u00e9 de o 18,4 por cento) o que a converte na Comunidade m\u00e1is envellecida de Espa\u00f1a e unha das dez m\u00e1is envellecidas de Europa.<\/p>\n<p>Un fen\u00f3meno, nunca antes visto na historia da humanidade que, \u201cen lugar de aprecialo como unha <strong>oportunidade, nalg\u00fans \u00e1mbitos se est\u00e1 a ver coma unha ameaza<\/strong>\u201d e que non para de aumentar o que esixe unha nova abordaxe que dea resposta en positivo a esta situaci\u00f3n, comenta V\u00e1zquez, integrando as experiencias e investigaci\u00f3ns de todo os expertos en materia de envellecemento, \u201cnon s\u00f3 desde a <strong>li\u00f1a xeri\u00e1trica<\/strong>, m\u00e9dica, cl\u00ednica e cient\u00edfica\u201d, como foi a pretensi\u00f3n e como quedou patente neste Congreso, \u201csen\u00f3n tam\u00e9n desde a <strong>li\u00f1a xerontol\u00f3xica<\/strong> e dende aqueles \u00e1mbitos que te\u00f1an en conta factores socioecon\u00f3micos, educativos, incluso a arquitect\u00f3nica, os servizos de proximidade, de asistencia a domicilio e, moi importante, a rede de tecnolox\u00eda ao servizo das persoas maiores\u201d.<\/p>\n","protected":false},"excerpt":{"rendered":"<p>&nbsp; &nbsp; &nbsp; &nbsp; &nbsp; &nbsp; &nbsp; &nbsp; &nbsp; &nbsp; &nbsp; &nbsp; &nbsp; &nbsp; &nbsp; &nbsp; &nbsp; (V\u00edctor Sariego, 14\/6\/2017).- A\u00a0Sociedade Galega de Xerontolox\u00eda e Xeriatr\u00eda (SGXX) valora moi positivamente o resultado do seu 29 Congreso celebrado os pasados 7, 8 e 9 de xu\u00f1o en A Coru\u00f1a. Un encontro internacional que, organizado xunto co [&hellip;]<\/p>\n","protected":false},"author":3,"featured_media":2337,"comment_status":"open","ping_status":"open","sticky":false,"template":"","format":"standard","meta":{"footnotes":""},"categories":[2,6],"tags":[147,58,173,16,17,13,11,84,85],"class_list":["post-2336","post","type-post","status-publish","format-standard","has-post-thumbnail","hentry","category-actividades-e-congresos","category-actualidade","tag-29-congreso","tag-envejecimiento","tag-envellecemento","tag-geriatria","tag-gerontologia","tag-miguel-angel-vazquez-vazquez","tag-sgxx","tag-xeriatria","tag-xerontoloxia"],"yoast_head":"<!-- This site is optimized with the Yoast SEO plugin v27.4 - https:\/\/yoast.com\/product\/yoast-seo-wordpress\/ -->\n<title>\u00c9xito en todos os \u00e1mbitos do 29 Congreso da SGXX - SGXX<\/title>\n<meta name=\"robots\" content=\"index, follow, max-snippet:-1, max-image-preview:large, max-video-preview:-1\" \/>\n<link rel=\"canonical\" href=\"https:\/\/sgxx.org\/exito-en-todos-os-ambitos-do-29-congreso-da-sgxx\/\" \/>\n<meta property=\"og:locale\" content=\"es_ES\" \/>\n<meta property=\"og:type\" content=\"article\" \/>\n<meta property=\"og:title\" content=\"\u00c9xito en todos os \u00e1mbitos do 29 Congreso da SGXX - SGXX\" \/>\n<meta property=\"og:description\" content=\"&nbsp; &nbsp; &nbsp; &nbsp; &nbsp; &nbsp; &nbsp; &nbsp; &nbsp; &nbsp; &nbsp; &nbsp; &nbsp; &nbsp; &nbsp; &nbsp; &nbsp; (V\u00edctor Sariego, 14\/6\/2017).- A\u00a0Sociedade Galega de Xerontolox\u00eda e Xeriatr\u00eda (SGXX) valora moi positivamente o resultado do seu 29 Congreso celebrado os pasados 7, 8 e 9 de xu\u00f1o en A Coru\u00f1a. Un encontro internacional que, organizado xunto co [&hellip;]\" \/>\n<meta property=\"og:url\" content=\"https:\/\/sgxx.org\/exito-en-todos-os-ambitos-do-29-congreso-da-sgxx\/\" \/>\n<meta property=\"og:site_name\" content=\"SGXX\" \/>\n<meta property=\"article:publisher\" content=\"https:\/\/es-es.facebook.com\/pages\/Sociedade-Galega-Xerontoloxia-e-Xeriatria\/327400652646\" \/>\n<meta property=\"article:published_time\" content=\"2017-06-14T14:29:31+00:00\" \/>\n<meta property=\"article:modified_time\" content=\"2017-06-14T15:32:57+00:00\" \/>\n<meta property=\"og:image\" content=\"https:\/\/sgxx.org\/wp-content\/uploads\/2017\/06\/Web1.jpg\" \/>\n\t<meta property=\"og:image:width\" content=\"600\" \/>\n\t<meta property=\"og:image:height\" content=\"400\" \/>\n\t<meta property=\"og:image:type\" content=\"image\/jpeg\" \/>\n<meta name=\"author\" content=\"Comunicaci\u00f3n SGXX\" \/>\n<meta name=\"twitter:card\" content=\"summary_large_image\" \/>\n<meta name=\"twitter:label1\" content=\"Escrito por\" \/>\n\t<meta name=\"twitter:data1\" content=\"Comunicaci\u00f3n SGXX\" \/>\n\t<meta name=\"twitter:label2\" content=\"Tiempo de lectura\" \/>\n\t<meta name=\"twitter:data2\" content=\"3 minutos\" \/>\n<script type=\"application\/ld+json\" class=\"yoast-schema-graph\">{\"@context\":\"https:\\\/\\\/schema.org\",\"@graph\":[{\"@type\":\"Article\",\"@id\":\"https:\\\/\\\/sgxx.org\\\/exito-en-todos-os-ambitos-do-29-congreso-da-sgxx\\\/#article\",\"isPartOf\":{\"@id\":\"https:\\\/\\\/sgxx.org\\\/exito-en-todos-os-ambitos-do-29-congreso-da-sgxx\\\/\"},\"author\":{\"name\":\"Comunicaci\u00f3n SGXX\",\"@id\":\"https:\\\/\\\/sgxx.org\\\/#\\\/schema\\\/person\\\/6ff53a68441cbed603a543cc7deea4ad\"},\"headline\":\"\u00c9xito en todos os \u00e1mbitos do 29 Congreso da SGXX\",\"datePublished\":\"2017-06-14T14:29:31+00:00\",\"dateModified\":\"2017-06-14T15:32:57+00:00\",\"mainEntityOfPage\":{\"@id\":\"https:\\\/\\\/sgxx.org\\\/exito-en-todos-os-ambitos-do-29-congreso-da-sgxx\\\/\"},\"wordCount\":609,\"commentCount\":0,\"publisher\":{\"@id\":\"https:\\\/\\\/sgxx.org\\\/#organization\"},\"image\":{\"@id\":\"https:\\\/\\\/sgxx.org\\\/exito-en-todos-os-ambitos-do-29-congreso-da-sgxx\\\/#primaryimage\"},\"thumbnailUrl\":\"https:\\\/\\\/sgxx.org\\\/wp-content\\\/uploads\\\/2017\\\/06\\\/Web1.jpg\",\"keywords\":[\"29 Congreso\",\"envejecimiento\",\"envellecemento\",\"geriatr\u00eda\",\"gerontolog\u00eda\",\"Miguel Angel Vazquez Vazquez\",\"SGXX\",\"xeriatr\u00eda\",\"xerontolox\u00eda\"],\"articleSection\":[\"Actividades e Congresos\",\"Actualidade\"],\"inLanguage\":\"es\",\"potentialAction\":[{\"@type\":\"CommentAction\",\"name\":\"Comment\",\"target\":[\"https:\\\/\\\/sgxx.org\\\/exito-en-todos-os-ambitos-do-29-congreso-da-sgxx\\\/#respond\"]}]},{\"@type\":\"WebPage\",\"@id\":\"https:\\\/\\\/sgxx.org\\\/exito-en-todos-os-ambitos-do-29-congreso-da-sgxx\\\/\",\"url\":\"https:\\\/\\\/sgxx.org\\\/exito-en-todos-os-ambitos-do-29-congreso-da-sgxx\\\/\",\"name\":\"\u00c9xito en todos os \u00e1mbitos do 29 Congreso da SGXX - SGXX\",\"isPartOf\":{\"@id\":\"https:\\\/\\\/sgxx.org\\\/#website\"},\"primaryImageOfPage\":{\"@id\":\"https:\\\/\\\/sgxx.org\\\/exito-en-todos-os-ambitos-do-29-congreso-da-sgxx\\\/#primaryimage\"},\"image\":{\"@id\":\"https:\\\/\\\/sgxx.org\\\/exito-en-todos-os-ambitos-do-29-congreso-da-sgxx\\\/#primaryimage\"},\"thumbnailUrl\":\"https:\\\/\\\/sgxx.org\\\/wp-content\\\/uploads\\\/2017\\\/06\\\/Web1.jpg\",\"datePublished\":\"2017-06-14T14:29:31+00:00\",\"dateModified\":\"2017-06-14T15:32:57+00:00\",\"breadcrumb\":{\"@id\":\"https:\\\/\\\/sgxx.org\\\/exito-en-todos-os-ambitos-do-29-congreso-da-sgxx\\\/#breadcrumb\"},\"inLanguage\":\"es\",\"potentialAction\":[{\"@type\":\"ReadAction\",\"target\":[\"https:\\\/\\\/sgxx.org\\\/exito-en-todos-os-ambitos-do-29-congreso-da-sgxx\\\/\"]}]},{\"@type\":\"ImageObject\",\"inLanguage\":\"es\",\"@id\":\"https:\\\/\\\/sgxx.org\\\/exito-en-todos-os-ambitos-do-29-congreso-da-sgxx\\\/#primaryimage\",\"url\":\"https:\\\/\\\/sgxx.org\\\/wp-content\\\/uploads\\\/2017\\\/06\\\/Web1.jpg\",\"contentUrl\":\"https:\\\/\\\/sgxx.org\\\/wp-content\\\/uploads\\\/2017\\\/06\\\/Web1.jpg\",\"width\":600,\"height\":400},{\"@type\":\"BreadcrumbList\",\"@id\":\"https:\\\/\\\/sgxx.org\\\/exito-en-todos-os-ambitos-do-29-congreso-da-sgxx\\\/#breadcrumb\",\"itemListElement\":[{\"@type\":\"ListItem\",\"position\":1,\"name\":\"Portada\",\"item\":\"https:\\\/\\\/sgxx.org\\\/es\\\/\"},{\"@type\":\"ListItem\",\"position\":2,\"name\":\"\u00c9xito en todos os \u00e1mbitos do 29 Congreso da SGXX\"}]},{\"@type\":\"WebSite\",\"@id\":\"https:\\\/\\\/sgxx.org\\\/#website\",\"url\":\"https:\\\/\\\/sgxx.org\\\/\",\"name\":\"SGXX\",\"description\":\"Web da Sociedade Galega de Xerontolox\u00eda e Xeriatr\u00eda\",\"publisher\":{\"@id\":\"https:\\\/\\\/sgxx.org\\\/#organization\"},\"potentialAction\":[{\"@type\":\"SearchAction\",\"target\":{\"@type\":\"EntryPoint\",\"urlTemplate\":\"https:\\\/\\\/sgxx.org\\\/?s={search_term_string}\"},\"query-input\":{\"@type\":\"PropertyValueSpecification\",\"valueRequired\":true,\"valueName\":\"search_term_string\"}}],\"inLanguage\":\"es\"},{\"@type\":\"Organization\",\"@id\":\"https:\\\/\\\/sgxx.org\\\/#organization\",\"name\":\"Sociedade Galega de Xerontolox\u00eda e Xeriatr\u00eda (SGXX)\",\"url\":\"https:\\\/\\\/sgxx.org\\\/\",\"logo\":{\"@type\":\"ImageObject\",\"inLanguage\":\"es\",\"@id\":\"https:\\\/\\\/sgxx.org\\\/#\\\/schema\\\/logo\\\/image\\\/\",\"url\":\"https:\\\/\\\/sgxx.org\\\/wp-content\\\/uploads\\\/2016\\\/09\\\/sgxx-logo-1.png\",\"contentUrl\":\"https:\\\/\\\/sgxx.org\\\/wp-content\\\/uploads\\\/2016\\\/09\\\/sgxx-logo-1.png\",\"width\":200,\"height\":200,\"caption\":\"Sociedade Galega de Xerontolox\u00eda e Xeriatr\u00eda (SGXX)\"},\"image\":{\"@id\":\"https:\\\/\\\/sgxx.org\\\/#\\\/schema\\\/logo\\\/image\\\/\"},\"sameAs\":[\"https:\\\/\\\/es-es.facebook.com\\\/pages\\\/Sociedade-Galega-Xerontoloxia-e-Xeriatria\\\/327400652646\"]},{\"@type\":\"Person\",\"@id\":\"https:\\\/\\\/sgxx.org\\\/#\\\/schema\\\/person\\\/6ff53a68441cbed603a543cc7deea4ad\",\"name\":\"Comunicaci\u00f3n SGXX\",\"image\":{\"@type\":\"ImageObject\",\"inLanguage\":\"es\",\"@id\":\"https:\\\/\\\/secure.gravatar.com\\\/avatar\\\/e3e5e584f6a676cdca6957289472b6c0e22e4ddba0fefe9522ac7c10765b2b7a?s=96&d=mm&r=g\",\"url\":\"https:\\\/\\\/secure.gravatar.com\\\/avatar\\\/e3e5e584f6a676cdca6957289472b6c0e22e4ddba0fefe9522ac7c10765b2b7a?s=96&d=mm&r=g\",\"contentUrl\":\"https:\\\/\\\/secure.gravatar.com\\\/avatar\\\/e3e5e584f6a676cdca6957289472b6c0e22e4ddba0fefe9522ac7c10765b2b7a?s=96&d=mm&r=g\",\"caption\":\"Comunicaci\u00f3n SGXX\"}}]}<\/script>\n<!-- \/ Yoast SEO plugin. -->","yoast_head_json":{"title":"\u00c9xito en todos os \u00e1mbitos do 29 Congreso da SGXX - SGXX","robots":{"index":"index","follow":"follow","max-snippet":"max-snippet:-1","max-image-preview":"max-image-preview:large","max-video-preview":"max-video-preview:-1"},"canonical":"https:\/\/sgxx.org\/exito-en-todos-os-ambitos-do-29-congreso-da-sgxx\/","og_locale":"es_ES","og_type":"article","og_title":"\u00c9xito en todos os \u00e1mbitos do 29 Congreso da SGXX - SGXX","og_description":"&nbsp; &nbsp; &nbsp; &nbsp; &nbsp; &nbsp; &nbsp; &nbsp; &nbsp; &nbsp; &nbsp; &nbsp; &nbsp; &nbsp; &nbsp; &nbsp; &nbsp; (V\u00edctor Sariego, 14\/6\/2017).- A\u00a0Sociedade Galega de Xerontolox\u00eda e Xeriatr\u00eda (SGXX) valora moi positivamente o resultado do seu 29 Congreso celebrado os pasados 7, 8 e 9 de xu\u00f1o en A Coru\u00f1a. Un encontro internacional que, organizado xunto co [&hellip;]","og_url":"https:\/\/sgxx.org\/exito-en-todos-os-ambitos-do-29-congreso-da-sgxx\/","og_site_name":"SGXX","article_publisher":"https:\/\/es-es.facebook.com\/pages\/Sociedade-Galega-Xerontoloxia-e-Xeriatria\/327400652646","article_published_time":"2017-06-14T14:29:31+00:00","article_modified_time":"2017-06-14T15:32:57+00:00","og_image":[{"width":600,"height":400,"url":"https:\/\/sgxx.org\/wp-content\/uploads\/2017\/06\/Web1.jpg","type":"image\/jpeg"}],"author":"Comunicaci\u00f3n SGXX","twitter_card":"summary_large_image","twitter_misc":{"Escrito por":"Comunicaci\u00f3n SGXX","Tiempo de lectura":"3 minutos"},"schema":{"@context":"https:\/\/schema.org","@graph":[{"@type":"Article","@id":"https:\/\/sgxx.org\/exito-en-todos-os-ambitos-do-29-congreso-da-sgxx\/#article","isPartOf":{"@id":"https:\/\/sgxx.org\/exito-en-todos-os-ambitos-do-29-congreso-da-sgxx\/"},"author":{"name":"Comunicaci\u00f3n SGXX","@id":"https:\/\/sgxx.org\/#\/schema\/person\/6ff53a68441cbed603a543cc7deea4ad"},"headline":"\u00c9xito en todos os \u00e1mbitos do 29 Congreso da SGXX","datePublished":"2017-06-14T14:29:31+00:00","dateModified":"2017-06-14T15:32:57+00:00","mainEntityOfPage":{"@id":"https:\/\/sgxx.org\/exito-en-todos-os-ambitos-do-29-congreso-da-sgxx\/"},"wordCount":609,"commentCount":0,"publisher":{"@id":"https:\/\/sgxx.org\/#organization"},"image":{"@id":"https:\/\/sgxx.org\/exito-en-todos-os-ambitos-do-29-congreso-da-sgxx\/#primaryimage"},"thumbnailUrl":"https:\/\/sgxx.org\/wp-content\/uploads\/2017\/06\/Web1.jpg","keywords":["29 Congreso","envejecimiento","envellecemento","geriatr\u00eda","gerontolog\u00eda","Miguel Angel Vazquez Vazquez","SGXX","xeriatr\u00eda","xerontolox\u00eda"],"articleSection":["Actividades e Congresos","Actualidade"],"inLanguage":"es","potentialAction":[{"@type":"CommentAction","name":"Comment","target":["https:\/\/sgxx.org\/exito-en-todos-os-ambitos-do-29-congreso-da-sgxx\/#respond"]}]},{"@type":"WebPage","@id":"https:\/\/sgxx.org\/exito-en-todos-os-ambitos-do-29-congreso-da-sgxx\/","url":"https:\/\/sgxx.org\/exito-en-todos-os-ambitos-do-29-congreso-da-sgxx\/","name":"\u00c9xito en todos os \u00e1mbitos do 29 Congreso da SGXX - SGXX","isPartOf":{"@id":"https:\/\/sgxx.org\/#website"},"primaryImageOfPage":{"@id":"https:\/\/sgxx.org\/exito-en-todos-os-ambitos-do-29-congreso-da-sgxx\/#primaryimage"},"image":{"@id":"https:\/\/sgxx.org\/exito-en-todos-os-ambitos-do-29-congreso-da-sgxx\/#primaryimage"},"thumbnailUrl":"https:\/\/sgxx.org\/wp-content\/uploads\/2017\/06\/Web1.jpg","datePublished":"2017-06-14T14:29:31+00:00","dateModified":"2017-06-14T15:32:57+00:00","breadcrumb":{"@id":"https:\/\/sgxx.org\/exito-en-todos-os-ambitos-do-29-congreso-da-sgxx\/#breadcrumb"},"inLanguage":"es","potentialAction":[{"@type":"ReadAction","target":["https:\/\/sgxx.org\/exito-en-todos-os-ambitos-do-29-congreso-da-sgxx\/"]}]},{"@type":"ImageObject","inLanguage":"es","@id":"https:\/\/sgxx.org\/exito-en-todos-os-ambitos-do-29-congreso-da-sgxx\/#primaryimage","url":"https:\/\/sgxx.org\/wp-content\/uploads\/2017\/06\/Web1.jpg","contentUrl":"https:\/\/sgxx.org\/wp-content\/uploads\/2017\/06\/Web1.jpg","width":600,"height":400},{"@type":"BreadcrumbList","@id":"https:\/\/sgxx.org\/exito-en-todos-os-ambitos-do-29-congreso-da-sgxx\/#breadcrumb","itemListElement":[{"@type":"ListItem","position":1,"name":"Portada","item":"https:\/\/sgxx.org\/es\/"},{"@type":"ListItem","position":2,"name":"\u00c9xito en todos os \u00e1mbitos do 29 Congreso da SGXX"}]},{"@type":"WebSite","@id":"https:\/\/sgxx.org\/#website","url":"https:\/\/sgxx.org\/","name":"SGXX","description":"Web da Sociedade Galega de Xerontolox\u00eda e Xeriatr\u00eda","publisher":{"@id":"https:\/\/sgxx.org\/#organization"},"potentialAction":[{"@type":"SearchAction","target":{"@type":"EntryPoint","urlTemplate":"https:\/\/sgxx.org\/?s={search_term_string}"},"query-input":{"@type":"PropertyValueSpecification","valueRequired":true,"valueName":"search_term_string"}}],"inLanguage":"es"},{"@type":"Organization","@id":"https:\/\/sgxx.org\/#organization","name":"Sociedade Galega de Xerontolox\u00eda e Xeriatr\u00eda (SGXX)","url":"https:\/\/sgxx.org\/","logo":{"@type":"ImageObject","inLanguage":"es","@id":"https:\/\/sgxx.org\/#\/schema\/logo\/image\/","url":"https:\/\/sgxx.org\/wp-content\/uploads\/2016\/09\/sgxx-logo-1.png","contentUrl":"https:\/\/sgxx.org\/wp-content\/uploads\/2016\/09\/sgxx-logo-1.png","width":200,"height":200,"caption":"Sociedade Galega de Xerontolox\u00eda e Xeriatr\u00eda (SGXX)"},"image":{"@id":"https:\/\/sgxx.org\/#\/schema\/logo\/image\/"},"sameAs":["https:\/\/es-es.facebook.com\/pages\/Sociedade-Galega-Xerontoloxia-e-Xeriatria\/327400652646"]},{"@type":"Person","@id":"https:\/\/sgxx.org\/#\/schema\/person\/6ff53a68441cbed603a543cc7deea4ad","name":"Comunicaci\u00f3n SGXX","image":{"@type":"ImageObject","inLanguage":"es","@id":"https:\/\/secure.gravatar.com\/avatar\/e3e5e584f6a676cdca6957289472b6c0e22e4ddba0fefe9522ac7c10765b2b7a?s=96&d=mm&r=g","url":"https:\/\/secure.gravatar.com\/avatar\/e3e5e584f6a676cdca6957289472b6c0e22e4ddba0fefe9522ac7c10765b2b7a?s=96&d=mm&r=g","contentUrl":"https:\/\/secure.gravatar.com\/avatar\/e3e5e584f6a676cdca6957289472b6c0e22e4ddba0fefe9522ac7c10765b2b7a?s=96&d=mm&r=g","caption":"Comunicaci\u00f3n SGXX"}}]}},"_links":{"self":[{"href":"https:\/\/sgxx.org\/es\/wp-json\/wp\/v2\/posts\/2336","targetHints":{"allow":["GET"]}}],"collection":[{"href":"https:\/\/sgxx.org\/es\/wp-json\/wp\/v2\/posts"}],"about":[{"href":"https:\/\/sgxx.org\/es\/wp-json\/wp\/v2\/types\/post"}],"author":[{"embeddable":true,"href":"https:\/\/sgxx.org\/es\/wp-json\/wp\/v2\/users\/3"}],"replies":[{"embeddable":true,"href":"https:\/\/sgxx.org\/es\/wp-json\/wp\/v2\/comments?post=2336"}],"version-history":[{"count":3,"href":"https:\/\/sgxx.org\/es\/wp-json\/wp\/v2\/posts\/2336\/revisions"}],"predecessor-version":[{"id":2364,"href":"https:\/\/sgxx.org\/es\/wp-json\/wp\/v2\/posts\/2336\/revisions\/2364"}],"wp:featuredmedia":[{"embeddable":true,"href":"https:\/\/sgxx.org\/es\/wp-json\/wp\/v2\/media\/2337"}],"wp:attachment":[{"href":"https:\/\/sgxx.org\/es\/wp-json\/wp\/v2\/media?parent=2336"}],"wp:term":[{"taxonomy":"category","embeddable":true,"href":"https:\/\/sgxx.org\/es\/wp-json\/wp\/v2\/categories?post=2336"},{"taxonomy":"post_tag","embeddable":true,"href":"https:\/\/sgxx.org\/es\/wp-json\/wp\/v2\/tags?post=2336"}],"curies":[{"name":"wp","href":"https:\/\/api.w.org\/{rel}","templated":true}]}}