{"id":2407,"date":"2017-06-30T11:10:27","date_gmt":"2017-06-30T10:10:27","guid":{"rendered":"https:\/\/sgxx.org\/?p=2407"},"modified":"2017-06-30T11:12:52","modified_gmt":"2017-06-30T10:12:52","slug":"la-sgxx-en-la-jornada-de-estrategias-en-envejecimiento-de-conjupes-e-imserso","status":"publish","type":"post","link":"https:\/\/sgxx.org\/es\/la-sgxx-en-la-jornada-de-estrategias-en-envejecimiento-de-conjupes-e-imserso\/","title":{"rendered":"La SGXX en la \u00abJornada de Estrategias en Envejecimiento\u00bb de CONJUPES e IMSERSO"},"content":{"rendered":"<p><a href=\"https:\/\/sgxx.org\/wp-content\/uploads\/2017\/06\/Conjupes1.jpeg\"><img decoding=\"async\" class=\"alignright size-medium wp-image-2409\" src=\"https:\/\/sgxx.org\/wp-content\/uploads\/2017\/06\/Conjupes1-300x200.jpeg\" alt=\"\" width=\"300\" height=\"200\" srcset=\"https:\/\/sgxx.org\/wp-content\/uploads\/2017\/06\/Conjupes1-300x200.jpeg 300w, https:\/\/sgxx.org\/wp-content\/uploads\/2017\/06\/Conjupes1-200x133.jpeg 200w, https:\/\/sgxx.org\/wp-content\/uploads\/2017\/06\/Conjupes1-150x100.jpeg 150w, https:\/\/sgxx.org\/wp-content\/uploads\/2017\/06\/Conjupes1-500x333.jpeg 500w, https:\/\/sgxx.org\/wp-content\/uploads\/2017\/06\/Conjupes1.jpeg 600w\" sizes=\"(max-width: 300px) 100vw, 300px\" \/><\/a><a href=\"https:\/\/sgxx.org\/wp-content\/uploads\/2017\/06\/Conjupes2.jpeg\"><img decoding=\"async\" class=\"alignright size-medium wp-image-2410\" src=\"https:\/\/sgxx.org\/wp-content\/uploads\/2017\/06\/Conjupes2-300x200.jpeg\" alt=\"\" width=\"300\" height=\"200\" srcset=\"https:\/\/sgxx.org\/wp-content\/uploads\/2017\/06\/Conjupes2-300x200.jpeg 300w, https:\/\/sgxx.org\/wp-content\/uploads\/2017\/06\/Conjupes2-200x133.jpeg 200w, https:\/\/sgxx.org\/wp-content\/uploads\/2017\/06\/Conjupes2-150x100.jpeg 150w, https:\/\/sgxx.org\/wp-content\/uploads\/2017\/06\/Conjupes2-500x334.jpeg 500w, https:\/\/sgxx.org\/wp-content\/uploads\/2017\/06\/Conjupes2.jpeg 598w\" sizes=\"(max-width: 300px) 100vw, 300px\" \/><\/a><a href=\"https:\/\/sgxx.org\/wp-content\/uploads\/2017\/06\/Conjupes3.jpeg\"><img decoding=\"async\" class=\"alignright size-medium wp-image-2411\" src=\"https:\/\/sgxx.org\/wp-content\/uploads\/2017\/06\/Conjupes3-225x300.jpeg\" alt=\"\" width=\"225\" height=\"300\" srcset=\"https:\/\/sgxx.org\/wp-content\/uploads\/2017\/06\/Conjupes3-225x300.jpeg 225w, https:\/\/sgxx.org\/wp-content\/uploads\/2017\/06\/Conjupes3-105x140.jpeg 105w, https:\/\/sgxx.org\/wp-content\/uploads\/2017\/06\/Conjupes3.jpeg 400w\" sizes=\"(max-width: 225px) 100vw, 225px\" \/><\/a><a href=\"https:\/\/sgxx.org\/wp-content\/uploads\/2017\/06\/Conjupes4.jpeg\"><img decoding=\"async\" class=\"alignright size-medium wp-image-2412\" src=\"https:\/\/sgxx.org\/wp-content\/uploads\/2017\/06\/Conjupes4-300x200.jpeg\" alt=\"\" width=\"300\" height=\"200\" srcset=\"https:\/\/sgxx.org\/wp-content\/uploads\/2017\/06\/Conjupes4-300x200.jpeg 300w, https:\/\/sgxx.org\/wp-content\/uploads\/2017\/06\/Conjupes4-200x134.jpeg 200w, https:\/\/sgxx.org\/wp-content\/uploads\/2017\/06\/Conjupes4-150x100.jpeg 150w, https:\/\/sgxx.org\/wp-content\/uploads\/2017\/06\/Conjupes4-500x334.jpeg 500w, https:\/\/sgxx.org\/wp-content\/uploads\/2017\/06\/Conjupes4.jpeg 599w\" sizes=\"(max-width: 300px) 100vw, 300px\" \/><\/a><a href=\"https:\/\/sgxx.org\/wp-content\/uploads\/2017\/06\/Conjupes5.jpeg\"><img decoding=\"async\" class=\"alignright size-medium wp-image-2413\" src=\"https:\/\/sgxx.org\/wp-content\/uploads\/2017\/06\/Conjupes5-300x200.jpeg\" alt=\"\" width=\"300\" height=\"200\" srcset=\"https:\/\/sgxx.org\/wp-content\/uploads\/2017\/06\/Conjupes5-300x200.jpeg 300w, https:\/\/sgxx.org\/wp-content\/uploads\/2017\/06\/Conjupes5-200x134.jpeg 200w, https:\/\/sgxx.org\/wp-content\/uploads\/2017\/06\/Conjupes5-150x100.jpeg 150w, https:\/\/sgxx.org\/wp-content\/uploads\/2017\/06\/Conjupes5-500x334.jpeg 500w, https:\/\/sgxx.org\/wp-content\/uploads\/2017\/06\/Conjupes5.jpeg 599w\" sizes=\"(max-width: 300px) 100vw, 300px\" \/><\/a><\/p>\n<p>&nbsp;<\/p>\n<p>&nbsp;<\/p>\n<p>&nbsp;<\/p>\n<p>&nbsp;<\/p>\n<p>&nbsp;<\/p>\n<p>&nbsp;<\/p>\n<p>&nbsp;<\/p>\n<p>&nbsp;<\/p>\n<p>&nbsp;<\/p>\n<p>&nbsp;<\/p>\n<p>&nbsp;<\/p>\n<p>&nbsp;<\/p>\n<p>&nbsp;<\/p>\n<p>(V\u00edctor Sariego, 30\/6\/2017).- <strong>C\u00f3mo vivir m\u00e1s y mejor<\/strong>. Este fue uno de los principales objetivos de la jornada <em>\u201cEstrategias en envejecimiento activo\u201d<\/em> que la <a href=\"http:\/\/www.conjupes.org\"><strong>Confederaci\u00f3n Nacional de Jubilados y Pensionistas de Espa\u00f1a<\/strong><\/a> (CONJUPES) celebr\u00f3 este 28 de junio en Vigo en colaboraci\u00f3n con el <a href=\"http:\/\/www.imserso.es\/imserso_01\/index.htm\"><strong>IMSERSO<\/strong><\/a>. Un foro en el que particip\u00f3 la <em>Sociedade Galega de Xerontolox\u00eda e Xeriatr\u00eda<\/em> (SGXX) con la conferencia del presidente de la entidad, <strong>Miguel \u00c1ngel V\u00e1zquez V\u00e1zquez<\/strong> <em>\u201cEstrategias saludables en el envejecimiento\u201d<\/em> y la del secretario de la misma, <strong>Jos\u00e9 Mar\u00eda Fa\u00edlde<\/strong> <em>\u201cCambios en la memoria durante el envejecimiento\u201d.<\/em><\/p>\n<p>Ambos recordaron algunos <strong>estilos de vida saludables<\/strong> tradicionales para un buen envejecimiento, diversos avances recientes del conocimiento cient\u00edfico en envejecimiento y los diferentes enfoques, actitudes positivas y educaci\u00f3n a lo largo de la vida que influyen, de forma beneficiosa en un <strong>envejecimiento positivo, digno y saludable<\/strong>. V\u00e1zquez se\u00f1al\u00f3 que algunas personas, incluso profesionales, confunden \u201cenvejecimiento activo\u201d con actividad f\u00edsica en la vejez, cuando realmente consiste en la <strong>participaci\u00f3n activa en la sociedad, en tener derecho a la educaci\u00f3n y a una seguridad en todos los \u00e1mbitos de la vida.<\/strong><\/p>\n<p>Respecto a las <strong>estrategias saludables para la vejez<\/strong> este experto record\u00f3 que \u201cen gran parte, somos responsables de nuestro propio envejecimiento\u201d pues cada persona puede intervenir en esta etapa para vivir m\u00e1s y mejor. <strong>Envejecer, a\u00f1adi\u00f3, \u201cdepende de nosotros y de nuestro estilo de vida\u201d.<\/strong> Ya sea mediante la prevenci\u00f3n durante toda la vida o con tratamientos y abordajes espec\u00edficos a la hora de envejecer. Y es que, como matiza, las personas con buenos h\u00e1bitos de vida \u201cviven m\u00e1s y mejor\u201d. Y si bien no existen grandes claves para envejecer positivamente en relaci\u00f3n a los modelos tradicionales, s\u00ed que hay consenso en que la alimentaci\u00f3n sana, la actividad f\u00edsica, o las relaciones sociales, poseer razones para vivir y las ganas de vivir \u201cayudan a envejecer bien. Tener <strong>ganas de vivir y estar satisfecho con c\u00f3mo se vive<\/strong>, la felicidad alargan la vida\u201d, asegura el presidente de la SGXX, el voluntariado entre las personas mayores, por ejemplo \u201cest\u00e1 demostrado que alarga la vida una media de siete a\u00f1os y media para quien lo ejerce\u201d y sugiere que lo mismo que buscamos amigos para comer, \u201chemos de buscarlos tambi\u00e9n para mantener actividad f\u00edsica, y generar redes para compartirla\u201d.<\/p>\n<h3>Cuidar la memoria<\/h3>\n<p>El profesor universitario, psic\u00f3logo y secretario de la SGXX, <strong>Jos\u00e9 Mar\u00eda Fa\u00edlde<\/strong> expuso una pormenorizada explicaci\u00f3n del fen\u00f3meno de la <strong>memoria en la vejez y la preocupaci\u00f3n de muchas personas de poder perderla en esta etapa vital<\/strong>. Fa\u00edlde aclar\u00f3 que <strong>el envejecimiento \u201cno es realmente el que da\u00f1a la memoria<\/strong>\u201d, por lo que si se tienen problemas con ella, \u201chay que acudir a un especialista, y no atribuir a los a\u00f1os cumplidos la causa del problema\u201d se\u00f1alando que, la mejor manera de mantener y cuidar la memoria es \u201cejercitarla y aprender cosas nuevas, incluso nuevos idiomas, m\u00fasica y lectura\u201d, recomendando <strong>ejercitar la memoria cada d\u00eda<\/strong> y en cualquier lugar.<\/p>\n<p>De hecho, asegur\u00f3, \u201c<strong>los d\u00e9ficits de memoria son compensados con ayudas externas<\/strong> que permiten el adecuado desempe\u00f1o de las actividades de la vida diaria\u201d a\u00f1adiendo que, \u201clos d\u00e9ficits de memoria asociados al envejecimiento son <strong>susceptibles de rehabilitarse o compensarse mediante programas espec\u00edficos de reaprendizaje o actividades de estimulaci\u00f3n cognitiva<\/strong>\u201d.<\/p>\n<p>Por eso, afirm\u00f3, <strong>el aprendizaje \u201cprolonga la actividad cognitiva\u201d<\/strong> y la memoria que, puede cuidarse paralelamente con distintas pautas como: mejorar el estado general de salud con ejercicio f\u00edsico y evitando t\u00f3xicos; reducir los niveles de estr\u00e9s, tener una buena alimentaci\u00f3n y dormir al menos ocho horas diarias, pudi\u00e9ndose incluir una breve siesta; adecuar el aprendizaje al estilo y m\u00e9todo cognoscitivo dominante: visual o auditivo; implicar todos los sentidos posibles durante la codificaci\u00f3n; relacionar la informaci\u00f3n nueva con conocimientos\u00a0ya establecidos; mantenerse motivado y con una actitud positiva.<\/p>\n<p>\u00bfY por qu\u00e9 no? concluy\u00f3 Fa\u00edlde, <strong>\u201crecurrir a ayudas externas si lo precisamos\u201d<\/strong> como: escribirse las cosas en post-it o notas; escribir diarios; agendas; alarmas (m\u00f3vil, despertador, etc) y hacer uso de smartphones, tel\u00e9fonos inteligentes y tecnolog\u00eda similar.<\/p>\n<p>La jornada de CONJUPES se inaugur\u00f3 con el jefe de <em>\u00c1rea de Formaci\u00f3n y Comunicaci\u00f3n del IMSERSO<\/em>, <strong>Jorge Dom\u00ednguez Serrano<\/strong>; el presidente de <em>CONJUPES<\/em>, <strong>Vicente M. Sanz<\/strong>; la directora xeral de <em>Familia, Infancia y Dinamizaci\u00f3n Demogr\u00e1fica<\/em>, <strong>Mar\u00eda Amparo Gonz\u00e1lez<\/strong>; el presidente de <em>ASOGAMA<\/em>, <strong>Jos\u00e9 Pi\u00f1eiro Bernardez<\/strong> y el vicepresidente de <em>CONJUPES<\/em>, <strong>Jos\u00e9 Andrade Paz<\/strong>.<\/p>\n","protected":false},"excerpt":{"rendered":"<p>&nbsp; &nbsp; &nbsp; &nbsp; &nbsp; &nbsp; &nbsp; &nbsp; &nbsp; &nbsp; &nbsp; &nbsp; &nbsp; (V\u00edctor Sariego, 30\/6\/2017).- C\u00f3mo vivir m\u00e1s y mejor. Este fue uno de los principales objetivos de la jornada \u201cEstrategias en envejecimiento activo\u201d que la Confederaci\u00f3n Nacional de Jubilados y Pensionistas de Espa\u00f1a (CONJUPES) celebr\u00f3 este 28 de junio en Vigo en colaboraci\u00f3n [&hellip;]<\/p>\n","protected":false},"author":3,"featured_media":2408,"comment_status":"open","ping_status":"open","sticky":false,"template":"","format":"standard","meta":{"footnotes":""},"categories":[2,6,103,104],"tags":[131,35,105,16,17,178,122,42,11,84,85],"class_list":["post-2407","post","type-post","status-publish","format-standard","has-post-thumbnail","hentry","category-actividades-e-congresos","category-actualidade","category-envejecimiento-activo","category-envejecimiento-saludable","tag-conjupes","tag-envejecimiento-activo","tag-envejecimiento-saludable","tag-geriatria","tag-gerontologia","tag-imserso","tag-jose-maria-failde","tag-miguel-angel-vazquez","tag-sgxx","tag-xeriatria","tag-xerontoloxia"],"yoast_head":"<!-- This site is optimized with the Yoast SEO plugin v27.4 - https:\/\/yoast.com\/product\/yoast-seo-wordpress\/ -->\n<title>La SGXX en la &quot;Jornada de Estrategias en Envejecimiento&quot; de CONJUPES e IMSERSO - SGXX<\/title>\n<meta name=\"robots\" content=\"index, follow, max-snippet:-1, max-image-preview:large, max-video-preview:-1\" \/>\n<link rel=\"canonical\" href=\"https:\/\/sgxx.org\/la-sgxx-en-la-jornada-de-estrategias-en-envejecimiento-de-conjupes-e-imserso\/\" \/>\n<meta property=\"og:locale\" content=\"es_ES\" \/>\n<meta property=\"og:type\" content=\"article\" \/>\n<meta property=\"og:title\" content=\"La SGXX en la &quot;Jornada de Estrategias en Envejecimiento&quot; de CONJUPES e IMSERSO - SGXX\" \/>\n<meta property=\"og:description\" content=\"&nbsp; &nbsp; &nbsp; &nbsp; &nbsp; &nbsp; &nbsp; &nbsp; &nbsp; &nbsp; &nbsp; &nbsp; &nbsp; (V\u00edctor Sariego, 30\/6\/2017).- C\u00f3mo vivir m\u00e1s y mejor. Este fue uno de los principales objetivos de la jornada \u201cEstrategias en envejecimiento activo\u201d que la Confederaci\u00f3n Nacional de Jubilados y Pensionistas de Espa\u00f1a (CONJUPES) celebr\u00f3 este 28 de junio en Vigo en colaboraci\u00f3n [&hellip;]\" \/>\n<meta property=\"og:url\" content=\"https:\/\/sgxx.org\/la-sgxx-en-la-jornada-de-estrategias-en-envejecimiento-de-conjupes-e-imserso\/\" \/>\n<meta property=\"og:site_name\" content=\"SGXX\" \/>\n<meta property=\"article:publisher\" content=\"https:\/\/es-es.facebook.com\/pages\/Sociedade-Galega-Xerontoloxia-e-Xeriatria\/327400652646\" \/>\n<meta property=\"article:published_time\" content=\"2017-06-30T10:10:27+00:00\" \/>\n<meta property=\"article:modified_time\" content=\"2017-06-30T10:12:52+00:00\" \/>\n<meta property=\"og:image\" content=\"https:\/\/sgxx.org\/wp-content\/uploads\/2017\/06\/Conjupes6.jpeg\" \/>\n\t<meta property=\"og:image:width\" content=\"600\" \/>\n\t<meta property=\"og:image:height\" content=\"400\" \/>\n\t<meta property=\"og:image:type\" content=\"image\/jpeg\" \/>\n<meta name=\"author\" content=\"Comunicaci\u00f3n SGXX\" \/>\n<meta name=\"twitter:card\" content=\"summary_large_image\" \/>\n<meta name=\"twitter:label1\" content=\"Escrito por\" \/>\n\t<meta name=\"twitter:data1\" content=\"Comunicaci\u00f3n SGXX\" \/>\n\t<meta name=\"twitter:label2\" content=\"Tiempo de lectura\" \/>\n\t<meta name=\"twitter:data2\" content=\"4 minutos\" \/>\n<script type=\"application\/ld+json\" class=\"yoast-schema-graph\">{\"@context\":\"https:\\\/\\\/schema.org\",\"@graph\":[{\"@type\":\"Article\",\"@id\":\"https:\\\/\\\/sgxx.org\\\/la-sgxx-en-la-jornada-de-estrategias-en-envejecimiento-de-conjupes-e-imserso\\\/#article\",\"isPartOf\":{\"@id\":\"https:\\\/\\\/sgxx.org\\\/la-sgxx-en-la-jornada-de-estrategias-en-envejecimiento-de-conjupes-e-imserso\\\/\"},\"author\":{\"name\":\"Comunicaci\u00f3n SGXX\",\"@id\":\"https:\\\/\\\/sgxx.org\\\/#\\\/schema\\\/person\\\/6ff53a68441cbed603a543cc7deea4ad\"},\"headline\":\"La SGXX en la \u00abJornada de Estrategias en Envejecimiento\u00bb de CONJUPES e IMSERSO\",\"datePublished\":\"2017-06-30T10:10:27+00:00\",\"dateModified\":\"2017-06-30T10:12:52+00:00\",\"mainEntityOfPage\":{\"@id\":\"https:\\\/\\\/sgxx.org\\\/la-sgxx-en-la-jornada-de-estrategias-en-envejecimiento-de-conjupes-e-imserso\\\/\"},\"wordCount\":814,\"commentCount\":0,\"publisher\":{\"@id\":\"https:\\\/\\\/sgxx.org\\\/#organization\"},\"image\":{\"@id\":\"https:\\\/\\\/sgxx.org\\\/la-sgxx-en-la-jornada-de-estrategias-en-envejecimiento-de-conjupes-e-imserso\\\/#primaryimage\"},\"thumbnailUrl\":\"https:\\\/\\\/sgxx.org\\\/wp-content\\\/uploads\\\/2017\\\/06\\\/Conjupes6.jpeg\",\"keywords\":[\"CONJUPES\",\"envejecimiento activo\",\"envejecimiento saludable\",\"geriatr\u00eda\",\"gerontolog\u00eda\",\"IMSERSO\",\"Jos\u00e9 Mar\u00eda Failde\",\"Miguel Angel Vazquez\",\"SGXX\",\"xeriatr\u00eda\",\"xerontolox\u00eda\"],\"articleSection\":[\"Actividades e Congresos\",\"Actualidade\",\"Envejecimiento activo\",\"Envejecimiento saludable\"],\"inLanguage\":\"es\",\"potentialAction\":[{\"@type\":\"CommentAction\",\"name\":\"Comment\",\"target\":[\"https:\\\/\\\/sgxx.org\\\/la-sgxx-en-la-jornada-de-estrategias-en-envejecimiento-de-conjupes-e-imserso\\\/#respond\"]}]},{\"@type\":\"WebPage\",\"@id\":\"https:\\\/\\\/sgxx.org\\\/la-sgxx-en-la-jornada-de-estrategias-en-envejecimiento-de-conjupes-e-imserso\\\/\",\"url\":\"https:\\\/\\\/sgxx.org\\\/la-sgxx-en-la-jornada-de-estrategias-en-envejecimiento-de-conjupes-e-imserso\\\/\",\"name\":\"La SGXX en la \\\"Jornada de Estrategias en Envejecimiento\\\" de CONJUPES e IMSERSO - SGXX\",\"isPartOf\":{\"@id\":\"https:\\\/\\\/sgxx.org\\\/#website\"},\"primaryImageOfPage\":{\"@id\":\"https:\\\/\\\/sgxx.org\\\/la-sgxx-en-la-jornada-de-estrategias-en-envejecimiento-de-conjupes-e-imserso\\\/#primaryimage\"},\"image\":{\"@id\":\"https:\\\/\\\/sgxx.org\\\/la-sgxx-en-la-jornada-de-estrategias-en-envejecimiento-de-conjupes-e-imserso\\\/#primaryimage\"},\"thumbnailUrl\":\"https:\\\/\\\/sgxx.org\\\/wp-content\\\/uploads\\\/2017\\\/06\\\/Conjupes6.jpeg\",\"datePublished\":\"2017-06-30T10:10:27+00:00\",\"dateModified\":\"2017-06-30T10:12:52+00:00\",\"breadcrumb\":{\"@id\":\"https:\\\/\\\/sgxx.org\\\/la-sgxx-en-la-jornada-de-estrategias-en-envejecimiento-de-conjupes-e-imserso\\\/#breadcrumb\"},\"inLanguage\":\"es\",\"potentialAction\":[{\"@type\":\"ReadAction\",\"target\":[\"https:\\\/\\\/sgxx.org\\\/la-sgxx-en-la-jornada-de-estrategias-en-envejecimiento-de-conjupes-e-imserso\\\/\"]}]},{\"@type\":\"ImageObject\",\"inLanguage\":\"es\",\"@id\":\"https:\\\/\\\/sgxx.org\\\/la-sgxx-en-la-jornada-de-estrategias-en-envejecimiento-de-conjupes-e-imserso\\\/#primaryimage\",\"url\":\"https:\\\/\\\/sgxx.org\\\/wp-content\\\/uploads\\\/2017\\\/06\\\/Conjupes6.jpeg\",\"contentUrl\":\"https:\\\/\\\/sgxx.org\\\/wp-content\\\/uploads\\\/2017\\\/06\\\/Conjupes6.jpeg\",\"width\":600,\"height\":400},{\"@type\":\"BreadcrumbList\",\"@id\":\"https:\\\/\\\/sgxx.org\\\/la-sgxx-en-la-jornada-de-estrategias-en-envejecimiento-de-conjupes-e-imserso\\\/#breadcrumb\",\"itemListElement\":[{\"@type\":\"ListItem\",\"position\":1,\"name\":\"Portada\",\"item\":\"https:\\\/\\\/sgxx.org\\\/es\\\/\"},{\"@type\":\"ListItem\",\"position\":2,\"name\":\"La SGXX en la \u00abJornada de Estrategias en Envejecimiento\u00bb de CONJUPES e IMSERSO\"}]},{\"@type\":\"WebSite\",\"@id\":\"https:\\\/\\\/sgxx.org\\\/#website\",\"url\":\"https:\\\/\\\/sgxx.org\\\/\",\"name\":\"SGXX\",\"description\":\"Web da Sociedade Galega de Xerontolox\u00eda e Xeriatr\u00eda\",\"publisher\":{\"@id\":\"https:\\\/\\\/sgxx.org\\\/#organization\"},\"potentialAction\":[{\"@type\":\"SearchAction\",\"target\":{\"@type\":\"EntryPoint\",\"urlTemplate\":\"https:\\\/\\\/sgxx.org\\\/?s={search_term_string}\"},\"query-input\":{\"@type\":\"PropertyValueSpecification\",\"valueRequired\":true,\"valueName\":\"search_term_string\"}}],\"inLanguage\":\"es\"},{\"@type\":\"Organization\",\"@id\":\"https:\\\/\\\/sgxx.org\\\/#organization\",\"name\":\"Sociedade Galega de Xerontolox\u00eda e Xeriatr\u00eda (SGXX)\",\"url\":\"https:\\\/\\\/sgxx.org\\\/\",\"logo\":{\"@type\":\"ImageObject\",\"inLanguage\":\"es\",\"@id\":\"https:\\\/\\\/sgxx.org\\\/#\\\/schema\\\/logo\\\/image\\\/\",\"url\":\"https:\\\/\\\/sgxx.org\\\/wp-content\\\/uploads\\\/2016\\\/09\\\/sgxx-logo-1.png\",\"contentUrl\":\"https:\\\/\\\/sgxx.org\\\/wp-content\\\/uploads\\\/2016\\\/09\\\/sgxx-logo-1.png\",\"width\":200,\"height\":200,\"caption\":\"Sociedade Galega de Xerontolox\u00eda e Xeriatr\u00eda (SGXX)\"},\"image\":{\"@id\":\"https:\\\/\\\/sgxx.org\\\/#\\\/schema\\\/logo\\\/image\\\/\"},\"sameAs\":[\"https:\\\/\\\/es-es.facebook.com\\\/pages\\\/Sociedade-Galega-Xerontoloxia-e-Xeriatria\\\/327400652646\"]},{\"@type\":\"Person\",\"@id\":\"https:\\\/\\\/sgxx.org\\\/#\\\/schema\\\/person\\\/6ff53a68441cbed603a543cc7deea4ad\",\"name\":\"Comunicaci\u00f3n SGXX\",\"image\":{\"@type\":\"ImageObject\",\"inLanguage\":\"es\",\"@id\":\"https:\\\/\\\/secure.gravatar.com\\\/avatar\\\/e3e5e584f6a676cdca6957289472b6c0e22e4ddba0fefe9522ac7c10765b2b7a?s=96&d=mm&r=g\",\"url\":\"https:\\\/\\\/secure.gravatar.com\\\/avatar\\\/e3e5e584f6a676cdca6957289472b6c0e22e4ddba0fefe9522ac7c10765b2b7a?s=96&d=mm&r=g\",\"contentUrl\":\"https:\\\/\\\/secure.gravatar.com\\\/avatar\\\/e3e5e584f6a676cdca6957289472b6c0e22e4ddba0fefe9522ac7c10765b2b7a?s=96&d=mm&r=g\",\"caption\":\"Comunicaci\u00f3n SGXX\"}}]}<\/script>\n<!-- \/ Yoast SEO plugin. -->","yoast_head_json":{"title":"La SGXX en la \"Jornada de Estrategias en Envejecimiento\" de CONJUPES e IMSERSO - SGXX","robots":{"index":"index","follow":"follow","max-snippet":"max-snippet:-1","max-image-preview":"max-image-preview:large","max-video-preview":"max-video-preview:-1"},"canonical":"https:\/\/sgxx.org\/la-sgxx-en-la-jornada-de-estrategias-en-envejecimiento-de-conjupes-e-imserso\/","og_locale":"es_ES","og_type":"article","og_title":"La SGXX en la \"Jornada de Estrategias en Envejecimiento\" de CONJUPES e IMSERSO - SGXX","og_description":"&nbsp; &nbsp; &nbsp; &nbsp; &nbsp; &nbsp; &nbsp; &nbsp; &nbsp; &nbsp; &nbsp; &nbsp; &nbsp; (V\u00edctor Sariego, 30\/6\/2017).- C\u00f3mo vivir m\u00e1s y mejor. Este fue uno de los principales objetivos de la jornada \u201cEstrategias en envejecimiento activo\u201d que la Confederaci\u00f3n Nacional de Jubilados y Pensionistas de Espa\u00f1a (CONJUPES) celebr\u00f3 este 28 de junio en Vigo en colaboraci\u00f3n [&hellip;]","og_url":"https:\/\/sgxx.org\/la-sgxx-en-la-jornada-de-estrategias-en-envejecimiento-de-conjupes-e-imserso\/","og_site_name":"SGXX","article_publisher":"https:\/\/es-es.facebook.com\/pages\/Sociedade-Galega-Xerontoloxia-e-Xeriatria\/327400652646","article_published_time":"2017-06-30T10:10:27+00:00","article_modified_time":"2017-06-30T10:12:52+00:00","og_image":[{"width":600,"height":400,"url":"https:\/\/sgxx.org\/wp-content\/uploads\/2017\/06\/Conjupes6.jpeg","type":"image\/jpeg"}],"author":"Comunicaci\u00f3n SGXX","twitter_card":"summary_large_image","twitter_misc":{"Escrito por":"Comunicaci\u00f3n SGXX","Tiempo de lectura":"4 minutos"},"schema":{"@context":"https:\/\/schema.org","@graph":[{"@type":"Article","@id":"https:\/\/sgxx.org\/la-sgxx-en-la-jornada-de-estrategias-en-envejecimiento-de-conjupes-e-imserso\/#article","isPartOf":{"@id":"https:\/\/sgxx.org\/la-sgxx-en-la-jornada-de-estrategias-en-envejecimiento-de-conjupes-e-imserso\/"},"author":{"name":"Comunicaci\u00f3n SGXX","@id":"https:\/\/sgxx.org\/#\/schema\/person\/6ff53a68441cbed603a543cc7deea4ad"},"headline":"La SGXX en la \u00abJornada de Estrategias en Envejecimiento\u00bb de CONJUPES e IMSERSO","datePublished":"2017-06-30T10:10:27+00:00","dateModified":"2017-06-30T10:12:52+00:00","mainEntityOfPage":{"@id":"https:\/\/sgxx.org\/la-sgxx-en-la-jornada-de-estrategias-en-envejecimiento-de-conjupes-e-imserso\/"},"wordCount":814,"commentCount":0,"publisher":{"@id":"https:\/\/sgxx.org\/#organization"},"image":{"@id":"https:\/\/sgxx.org\/la-sgxx-en-la-jornada-de-estrategias-en-envejecimiento-de-conjupes-e-imserso\/#primaryimage"},"thumbnailUrl":"https:\/\/sgxx.org\/wp-content\/uploads\/2017\/06\/Conjupes6.jpeg","keywords":["CONJUPES","envejecimiento activo","envejecimiento saludable","geriatr\u00eda","gerontolog\u00eda","IMSERSO","Jos\u00e9 Mar\u00eda Failde","Miguel Angel Vazquez","SGXX","xeriatr\u00eda","xerontolox\u00eda"],"articleSection":["Actividades e Congresos","Actualidade","Envejecimiento activo","Envejecimiento saludable"],"inLanguage":"es","potentialAction":[{"@type":"CommentAction","name":"Comment","target":["https:\/\/sgxx.org\/la-sgxx-en-la-jornada-de-estrategias-en-envejecimiento-de-conjupes-e-imserso\/#respond"]}]},{"@type":"WebPage","@id":"https:\/\/sgxx.org\/la-sgxx-en-la-jornada-de-estrategias-en-envejecimiento-de-conjupes-e-imserso\/","url":"https:\/\/sgxx.org\/la-sgxx-en-la-jornada-de-estrategias-en-envejecimiento-de-conjupes-e-imserso\/","name":"La SGXX en la \"Jornada de Estrategias en Envejecimiento\" de CONJUPES e IMSERSO - SGXX","isPartOf":{"@id":"https:\/\/sgxx.org\/#website"},"primaryImageOfPage":{"@id":"https:\/\/sgxx.org\/la-sgxx-en-la-jornada-de-estrategias-en-envejecimiento-de-conjupes-e-imserso\/#primaryimage"},"image":{"@id":"https:\/\/sgxx.org\/la-sgxx-en-la-jornada-de-estrategias-en-envejecimiento-de-conjupes-e-imserso\/#primaryimage"},"thumbnailUrl":"https:\/\/sgxx.org\/wp-content\/uploads\/2017\/06\/Conjupes6.jpeg","datePublished":"2017-06-30T10:10:27+00:00","dateModified":"2017-06-30T10:12:52+00:00","breadcrumb":{"@id":"https:\/\/sgxx.org\/la-sgxx-en-la-jornada-de-estrategias-en-envejecimiento-de-conjupes-e-imserso\/#breadcrumb"},"inLanguage":"es","potentialAction":[{"@type":"ReadAction","target":["https:\/\/sgxx.org\/la-sgxx-en-la-jornada-de-estrategias-en-envejecimiento-de-conjupes-e-imserso\/"]}]},{"@type":"ImageObject","inLanguage":"es","@id":"https:\/\/sgxx.org\/la-sgxx-en-la-jornada-de-estrategias-en-envejecimiento-de-conjupes-e-imserso\/#primaryimage","url":"https:\/\/sgxx.org\/wp-content\/uploads\/2017\/06\/Conjupes6.jpeg","contentUrl":"https:\/\/sgxx.org\/wp-content\/uploads\/2017\/06\/Conjupes6.jpeg","width":600,"height":400},{"@type":"BreadcrumbList","@id":"https:\/\/sgxx.org\/la-sgxx-en-la-jornada-de-estrategias-en-envejecimiento-de-conjupes-e-imserso\/#breadcrumb","itemListElement":[{"@type":"ListItem","position":1,"name":"Portada","item":"https:\/\/sgxx.org\/es\/"},{"@type":"ListItem","position":2,"name":"La SGXX en la \u00abJornada de Estrategias en Envejecimiento\u00bb de CONJUPES e IMSERSO"}]},{"@type":"WebSite","@id":"https:\/\/sgxx.org\/#website","url":"https:\/\/sgxx.org\/","name":"SGXX","description":"Web da Sociedade Galega de Xerontolox\u00eda e Xeriatr\u00eda","publisher":{"@id":"https:\/\/sgxx.org\/#organization"},"potentialAction":[{"@type":"SearchAction","target":{"@type":"EntryPoint","urlTemplate":"https:\/\/sgxx.org\/?s={search_term_string}"},"query-input":{"@type":"PropertyValueSpecification","valueRequired":true,"valueName":"search_term_string"}}],"inLanguage":"es"},{"@type":"Organization","@id":"https:\/\/sgxx.org\/#organization","name":"Sociedade Galega de Xerontolox\u00eda e Xeriatr\u00eda (SGXX)","url":"https:\/\/sgxx.org\/","logo":{"@type":"ImageObject","inLanguage":"es","@id":"https:\/\/sgxx.org\/#\/schema\/logo\/image\/","url":"https:\/\/sgxx.org\/wp-content\/uploads\/2016\/09\/sgxx-logo-1.png","contentUrl":"https:\/\/sgxx.org\/wp-content\/uploads\/2016\/09\/sgxx-logo-1.png","width":200,"height":200,"caption":"Sociedade Galega de Xerontolox\u00eda e Xeriatr\u00eda (SGXX)"},"image":{"@id":"https:\/\/sgxx.org\/#\/schema\/logo\/image\/"},"sameAs":["https:\/\/es-es.facebook.com\/pages\/Sociedade-Galega-Xerontoloxia-e-Xeriatria\/327400652646"]},{"@type":"Person","@id":"https:\/\/sgxx.org\/#\/schema\/person\/6ff53a68441cbed603a543cc7deea4ad","name":"Comunicaci\u00f3n SGXX","image":{"@type":"ImageObject","inLanguage":"es","@id":"https:\/\/secure.gravatar.com\/avatar\/e3e5e584f6a676cdca6957289472b6c0e22e4ddba0fefe9522ac7c10765b2b7a?s=96&d=mm&r=g","url":"https:\/\/secure.gravatar.com\/avatar\/e3e5e584f6a676cdca6957289472b6c0e22e4ddba0fefe9522ac7c10765b2b7a?s=96&d=mm&r=g","contentUrl":"https:\/\/secure.gravatar.com\/avatar\/e3e5e584f6a676cdca6957289472b6c0e22e4ddba0fefe9522ac7c10765b2b7a?s=96&d=mm&r=g","caption":"Comunicaci\u00f3n SGXX"}}]}},"_links":{"self":[{"href":"https:\/\/sgxx.org\/es\/wp-json\/wp\/v2\/posts\/2407","targetHints":{"allow":["GET"]}}],"collection":[{"href":"https:\/\/sgxx.org\/es\/wp-json\/wp\/v2\/posts"}],"about":[{"href":"https:\/\/sgxx.org\/es\/wp-json\/wp\/v2\/types\/post"}],"author":[{"embeddable":true,"href":"https:\/\/sgxx.org\/es\/wp-json\/wp\/v2\/users\/3"}],"replies":[{"embeddable":true,"href":"https:\/\/sgxx.org\/es\/wp-json\/wp\/v2\/comments?post=2407"}],"version-history":[{"count":3,"href":"https:\/\/sgxx.org\/es\/wp-json\/wp\/v2\/posts\/2407\/revisions"}],"predecessor-version":[{"id":2416,"href":"https:\/\/sgxx.org\/es\/wp-json\/wp\/v2\/posts\/2407\/revisions\/2416"}],"wp:featuredmedia":[{"embeddable":true,"href":"https:\/\/sgxx.org\/es\/wp-json\/wp\/v2\/media\/2408"}],"wp:attachment":[{"href":"https:\/\/sgxx.org\/es\/wp-json\/wp\/v2\/media?parent=2407"}],"wp:term":[{"taxonomy":"category","embeddable":true,"href":"https:\/\/sgxx.org\/es\/wp-json\/wp\/v2\/categories?post=2407"},{"taxonomy":"post_tag","embeddable":true,"href":"https:\/\/sgxx.org\/es\/wp-json\/wp\/v2\/tags?post=2407"}],"curies":[{"name":"wp","href":"https:\/\/api.w.org\/{rel}","templated":true}]}}