{"id":2419,"date":"2017-07-05T09:17:47","date_gmt":"2017-07-05T08:17:47","guid":{"rendered":"https:\/\/sgxx.org\/?p=2419"},"modified":"2017-07-05T09:19:39","modified_gmt":"2017-07-05T08:19:39","slug":"nueva-herramienta-de-evaluacion-cognitiva-de-la-sgxx","status":"publish","type":"post","link":"https:\/\/sgxx.org\/es\/nueva-herramienta-de-evaluacion-cognitiva-de-la-sgxx\/","title":{"rendered":"Nueva herramienta de evaluaci\u00f3n cognitiva de la SGXX"},"content":{"rendered":"<p><a href=\"https:\/\/sgxx.org\/wp-content\/uploads\/2017\/07\/Manual.png\"><img decoding=\"async\" class=\"size-medium wp-image-2422 alignright\" src=\"https:\/\/sgxx.org\/wp-content\/uploads\/2017\/07\/Manual-200x300.png\" alt=\"\" width=\"200\" height=\"300\" srcset=\"https:\/\/sgxx.org\/wp-content\/uploads\/2017\/07\/Manual-200x300.png 200w, https:\/\/sgxx.org\/wp-content\/uploads\/2017\/07\/Manual-93x140.png 93w, https:\/\/sgxx.org\/wp-content\/uploads\/2017\/07\/Manual.png 400w\" sizes=\"(max-width: 200px) 100vw, 200px\" \/><\/a>(V\u00edctor Sariego, 4\/6\/2017).- Analizar de manera est\u00e1ndar la evaluaci\u00f3n de las capacidades cognitivas que se realizan en los centros de personas mayores de Galicia es el <strong>objetivo del manual de consenso<\/strong> que acaba de presentar el <strong>Grupo de Trabajo en Evaluaci\u00f3n Cognitiva y Neuropsicol\u00f3gica de la Sociedade Galega de Xerontolox\u00eda e Xeriatr\u00eda<\/strong> (SGXX).<\/p>\n<p>La gu\u00eda, que nace con el t\u00edtulo <a href=\"https:\/\/sgxx.org\/wp-content\/uploads\/2017\/06\/ManualConsenso-1.pdf\">\u201cHerramientas de evaluaci\u00f3n cognitiva y neuropsicol\u00f3gica en centros gerontol\u00f3gicos\u201d<\/a> est\u00e1 elaborada por <strong>once profesionales del \u00e1mbito geri\u00e1trico y gerontol\u00f3gico de Galicia<\/strong> para \u201cadecuar a la poblaci\u00f3n mayor gallega la evaluaci\u00f3n de las capacidades cognitivas que se realiza en centros de mayores de Galicia\u201d seg\u00fan explica su coordinador, <strong>David Facal<\/strong> que a\u00f1ade que el este documento t\u00e9cnico de consenso se ha desarrollado \u201cteniendo en cuenta tanto est\u00e1ndares de calidad cient\u00edfica como la adecuaci\u00f3n de los instrumentos a nuestra cultura\u201d.<\/p>\n<p>En concreto este equipo present\u00f3 su trabajo en el transcurso del <strong>29 Congreso Internacional de la SGXX<\/strong> que se celebr\u00f3 los pasados 7, 8 y 9 de junio en A Coru\u00f1a y donde cont\u00f3 con <strong>respaldo y aval nacional e internacional.<\/strong><\/p>\n<p><strong>Destinado a profesionales de la gerontolog\u00eda<\/strong> que realizan evaluaci\u00f3n cognitiva y neuropsicol\u00f3gica en centros de mayores, <strong>se fundamenta en el estudio exploratorio<\/strong> sobre el uso de instrumentos de evaluaci\u00f3n cognitiva y neuropsicol\u00f3gica en centros de personas mayores de Galicia que se public\u00f3 en la <em>Revista Espa\u00f1ola de Geriatr\u00eda y de Gerontolog\u00eda<\/em> y de jornadas t\u00e9cnicas y de trabajo sobre este tema que se celebraron en las cuatro provincias gallegas \u201cdonde pudimos discutir con los profesionales interesados e ir llegando a acuerdos que se han materializado en este Consenso\u201d matiza Facal.<\/p>\n<h3>Documento novedoso<\/h3>\n<p>Su novedad y utilidad, comenta este experto, radica en que, adem\u00e1s de tener en cuenta la <strong>validez y fiabilidad de las herramientas de evaluaci\u00f3n cognitiva<\/strong>, \u201cse promueve la evaluaci\u00f3n en paralelo de los s\u00edntomas psicol\u00f3gicos y conductuales, la recogida de informaci\u00f3n a trav\u00e9s del informador, y la inclusi\u00f3n en los protocolos de evaluaci\u00f3n geri\u00e1trica, gerontol\u00f3gica y psicogerontol\u00f3gica\u201d. Por otro lado, subraya, \u201cse da respuesta a una demanda de los profesionales para optimizar los procesos de evaluaci\u00f3n y abre la puerta a estudios multic\u00e9ntricos\u201d.<\/p>\n<p>Los <strong>autores y autoras de este documento<\/strong> t\u00e9cnico son: David Facal, C\u00e9sar Bugallo, Aranzazu Balo Garc\u00eda, Xos\u00e9 Caama\u00f1o Ponte, Carlos Dosil D\u00edaz, Jos\u00e9 Mar\u00eda Failde, Miguel Gallego, Isabel Gonz\u00e1lez Abraldes, Romina Mouriz, Arturo Pereiro y Fina Permuy.<\/p>\n<p>Puedes descargar el documento \u00edntegro y de forma gratuita <a href=\"https:\/\/sgxx.org\/wp-content\/uploads\/2017\/06\/ManualConsenso-1.pdf\"><em>clicando<\/em> aqu\u00ed<\/a><\/p>\n","protected":false},"excerpt":{"rendered":"<p>(V\u00edctor Sariego, 4\/6\/2017).- Analizar de manera est\u00e1ndar la evaluaci\u00f3n de las capacidades cognitivas que se realizan en los centros de personas mayores de Galicia es el objetivo del manual de consenso que acaba de presentar el Grupo de Trabajo en Evaluaci\u00f3n Cognitiva y Neuropsicol\u00f3gica de la Sociedade Galega de Xerontolox\u00eda e Xeriatr\u00eda (SGXX). La gu\u00eda, [&hellip;]<\/p>\n","protected":false},"author":3,"featured_media":2421,"comment_status":"open","ping_status":"open","sticky":false,"template":"","format":"standard","meta":{"footnotes":""},"categories":[6],"tags":[181,180,16,17,179,21],"class_list":["post-2419","post","type-post","status-publish","format-standard","has-post-thumbnail","hentry","category-actualidade","tag-david-facal","tag-evaluacion-cognitiva","tag-geriatria","tag-gerontologia","tag-manual-consenso-sgxx","tag-personas-mayores"],"yoast_head":"<!-- This site is optimized with the Yoast SEO plugin v27.4 - https:\/\/yoast.com\/product\/yoast-seo-wordpress\/ -->\n<title>Nueva herramienta de evaluaci\u00f3n cognitiva de la SGXX - SGXX<\/title>\n<meta name=\"robots\" content=\"index, follow, max-snippet:-1, max-image-preview:large, max-video-preview:-1\" \/>\n<link rel=\"canonical\" href=\"https:\/\/sgxx.org\/nueva-herramienta-de-evaluacion-cognitiva-de-la-sgxx\/\" \/>\n<meta property=\"og:locale\" content=\"es_ES\" \/>\n<meta property=\"og:type\" content=\"article\" \/>\n<meta property=\"og:title\" content=\"Nueva herramienta de evaluaci\u00f3n cognitiva de la SGXX - SGXX\" \/>\n<meta property=\"og:description\" content=\"(V\u00edctor Sariego, 4\/6\/2017).- Analizar de manera est\u00e1ndar la evaluaci\u00f3n de las capacidades cognitivas que se realizan en los centros de personas mayores de Galicia es el objetivo del manual de consenso que acaba de presentar el Grupo de Trabajo en Evaluaci\u00f3n Cognitiva y Neuropsicol\u00f3gica de la Sociedade Galega de Xerontolox\u00eda e Xeriatr\u00eda (SGXX). La gu\u00eda, [&hellip;]\" \/>\n<meta property=\"og:url\" content=\"https:\/\/sgxx.org\/nueva-herramienta-de-evaluacion-cognitiva-de-la-sgxx\/\" \/>\n<meta property=\"og:site_name\" content=\"SGXX\" \/>\n<meta property=\"article:publisher\" content=\"https:\/\/es-es.facebook.com\/pages\/Sociedade-Galega-Xerontoloxia-e-Xeriatria\/327400652646\" \/>\n<meta property=\"article:published_time\" content=\"2017-07-05T08:17:47+00:00\" \/>\n<meta property=\"article:modified_time\" content=\"2017-07-05T08:19:39+00:00\" \/>\n<meta property=\"og:image\" content=\"https:\/\/sgxx.org\/wp-content\/uploads\/2017\/07\/ManualConsenso.jpg\" \/>\n\t<meta property=\"og:image:width\" content=\"600\" \/>\n\t<meta property=\"og:image:height\" content=\"400\" \/>\n\t<meta property=\"og:image:type\" content=\"image\/jpeg\" \/>\n<meta name=\"author\" content=\"Comunicaci\u00f3n SGXX\" \/>\n<meta name=\"twitter:card\" content=\"summary_large_image\" \/>\n<meta name=\"twitter:label1\" content=\"Escrito por\" \/>\n\t<meta name=\"twitter:data1\" content=\"Comunicaci\u00f3n SGXX\" \/>\n\t<meta name=\"twitter:label2\" content=\"Tiempo de lectura\" \/>\n\t<meta name=\"twitter:data2\" content=\"2 minutos\" \/>\n<script type=\"application\/ld+json\" class=\"yoast-schema-graph\">{\"@context\":\"https:\\\/\\\/schema.org\",\"@graph\":[{\"@type\":\"Article\",\"@id\":\"https:\\\/\\\/sgxx.org\\\/nueva-herramienta-de-evaluacion-cognitiva-de-la-sgxx\\\/#article\",\"isPartOf\":{\"@id\":\"https:\\\/\\\/sgxx.org\\\/nueva-herramienta-de-evaluacion-cognitiva-de-la-sgxx\\\/\"},\"author\":{\"name\":\"Comunicaci\u00f3n SGXX\",\"@id\":\"https:\\\/\\\/sgxx.org\\\/#\\\/schema\\\/person\\\/6ff53a68441cbed603a543cc7deea4ad\"},\"headline\":\"Nueva herramienta de evaluaci\u00f3n cognitiva de la SGXX\",\"datePublished\":\"2017-07-05T08:17:47+00:00\",\"dateModified\":\"2017-07-05T08:19:39+00:00\",\"mainEntityOfPage\":{\"@id\":\"https:\\\/\\\/sgxx.org\\\/nueva-herramienta-de-evaluacion-cognitiva-de-la-sgxx\\\/\"},\"wordCount\":460,\"commentCount\":0,\"publisher\":{\"@id\":\"https:\\\/\\\/sgxx.org\\\/#organization\"},\"image\":{\"@id\":\"https:\\\/\\\/sgxx.org\\\/nueva-herramienta-de-evaluacion-cognitiva-de-la-sgxx\\\/#primaryimage\"},\"thumbnailUrl\":\"https:\\\/\\\/sgxx.org\\\/wp-content\\\/uploads\\\/2017\\\/07\\\/ManualConsenso.jpg\",\"keywords\":[\"David Facal\",\"evaluaci\u00f3n cognitiva\",\"geriatr\u00eda\",\"gerontolog\u00eda\",\"Manual consenso SGXX\",\"personas mayores\"],\"articleSection\":[\"Actualidade\"],\"inLanguage\":\"es\",\"potentialAction\":[{\"@type\":\"CommentAction\",\"name\":\"Comment\",\"target\":[\"https:\\\/\\\/sgxx.org\\\/nueva-herramienta-de-evaluacion-cognitiva-de-la-sgxx\\\/#respond\"]}]},{\"@type\":\"WebPage\",\"@id\":\"https:\\\/\\\/sgxx.org\\\/nueva-herramienta-de-evaluacion-cognitiva-de-la-sgxx\\\/\",\"url\":\"https:\\\/\\\/sgxx.org\\\/nueva-herramienta-de-evaluacion-cognitiva-de-la-sgxx\\\/\",\"name\":\"Nueva herramienta de evaluaci\u00f3n cognitiva de la SGXX - SGXX\",\"isPartOf\":{\"@id\":\"https:\\\/\\\/sgxx.org\\\/#website\"},\"primaryImageOfPage\":{\"@id\":\"https:\\\/\\\/sgxx.org\\\/nueva-herramienta-de-evaluacion-cognitiva-de-la-sgxx\\\/#primaryimage\"},\"image\":{\"@id\":\"https:\\\/\\\/sgxx.org\\\/nueva-herramienta-de-evaluacion-cognitiva-de-la-sgxx\\\/#primaryimage\"},\"thumbnailUrl\":\"https:\\\/\\\/sgxx.org\\\/wp-content\\\/uploads\\\/2017\\\/07\\\/ManualConsenso.jpg\",\"datePublished\":\"2017-07-05T08:17:47+00:00\",\"dateModified\":\"2017-07-05T08:19:39+00:00\",\"breadcrumb\":{\"@id\":\"https:\\\/\\\/sgxx.org\\\/nueva-herramienta-de-evaluacion-cognitiva-de-la-sgxx\\\/#breadcrumb\"},\"inLanguage\":\"es\",\"potentialAction\":[{\"@type\":\"ReadAction\",\"target\":[\"https:\\\/\\\/sgxx.org\\\/nueva-herramienta-de-evaluacion-cognitiva-de-la-sgxx\\\/\"]}]},{\"@type\":\"ImageObject\",\"inLanguage\":\"es\",\"@id\":\"https:\\\/\\\/sgxx.org\\\/nueva-herramienta-de-evaluacion-cognitiva-de-la-sgxx\\\/#primaryimage\",\"url\":\"https:\\\/\\\/sgxx.org\\\/wp-content\\\/uploads\\\/2017\\\/07\\\/ManualConsenso.jpg\",\"contentUrl\":\"https:\\\/\\\/sgxx.org\\\/wp-content\\\/uploads\\\/2017\\\/07\\\/ManualConsenso.jpg\",\"width\":600,\"height\":400},{\"@type\":\"BreadcrumbList\",\"@id\":\"https:\\\/\\\/sgxx.org\\\/nueva-herramienta-de-evaluacion-cognitiva-de-la-sgxx\\\/#breadcrumb\",\"itemListElement\":[{\"@type\":\"ListItem\",\"position\":1,\"name\":\"Portada\",\"item\":\"https:\\\/\\\/sgxx.org\\\/es\\\/\"},{\"@type\":\"ListItem\",\"position\":2,\"name\":\"Nueva herramienta de evaluaci\u00f3n cognitiva de la SGXX\"}]},{\"@type\":\"WebSite\",\"@id\":\"https:\\\/\\\/sgxx.org\\\/#website\",\"url\":\"https:\\\/\\\/sgxx.org\\\/\",\"name\":\"SGXX\",\"description\":\"Web da Sociedade Galega de Xerontolox\u00eda e Xeriatr\u00eda\",\"publisher\":{\"@id\":\"https:\\\/\\\/sgxx.org\\\/#organization\"},\"potentialAction\":[{\"@type\":\"SearchAction\",\"target\":{\"@type\":\"EntryPoint\",\"urlTemplate\":\"https:\\\/\\\/sgxx.org\\\/?s={search_term_string}\"},\"query-input\":{\"@type\":\"PropertyValueSpecification\",\"valueRequired\":true,\"valueName\":\"search_term_string\"}}],\"inLanguage\":\"es\"},{\"@type\":\"Organization\",\"@id\":\"https:\\\/\\\/sgxx.org\\\/#organization\",\"name\":\"Sociedade Galega de Xerontolox\u00eda e Xeriatr\u00eda (SGXX)\",\"url\":\"https:\\\/\\\/sgxx.org\\\/\",\"logo\":{\"@type\":\"ImageObject\",\"inLanguage\":\"es\",\"@id\":\"https:\\\/\\\/sgxx.org\\\/#\\\/schema\\\/logo\\\/image\\\/\",\"url\":\"https:\\\/\\\/sgxx.org\\\/wp-content\\\/uploads\\\/2016\\\/09\\\/sgxx-logo-1.png\",\"contentUrl\":\"https:\\\/\\\/sgxx.org\\\/wp-content\\\/uploads\\\/2016\\\/09\\\/sgxx-logo-1.png\",\"width\":200,\"height\":200,\"caption\":\"Sociedade Galega de Xerontolox\u00eda e Xeriatr\u00eda (SGXX)\"},\"image\":{\"@id\":\"https:\\\/\\\/sgxx.org\\\/#\\\/schema\\\/logo\\\/image\\\/\"},\"sameAs\":[\"https:\\\/\\\/es-es.facebook.com\\\/pages\\\/Sociedade-Galega-Xerontoloxia-e-Xeriatria\\\/327400652646\"]},{\"@type\":\"Person\",\"@id\":\"https:\\\/\\\/sgxx.org\\\/#\\\/schema\\\/person\\\/6ff53a68441cbed603a543cc7deea4ad\",\"name\":\"Comunicaci\u00f3n SGXX\",\"image\":{\"@type\":\"ImageObject\",\"inLanguage\":\"es\",\"@id\":\"https:\\\/\\\/secure.gravatar.com\\\/avatar\\\/e3e5e584f6a676cdca6957289472b6c0e22e4ddba0fefe9522ac7c10765b2b7a?s=96&d=mm&r=g\",\"url\":\"https:\\\/\\\/secure.gravatar.com\\\/avatar\\\/e3e5e584f6a676cdca6957289472b6c0e22e4ddba0fefe9522ac7c10765b2b7a?s=96&d=mm&r=g\",\"contentUrl\":\"https:\\\/\\\/secure.gravatar.com\\\/avatar\\\/e3e5e584f6a676cdca6957289472b6c0e22e4ddba0fefe9522ac7c10765b2b7a?s=96&d=mm&r=g\",\"caption\":\"Comunicaci\u00f3n SGXX\"}}]}<\/script>\n<!-- \/ Yoast SEO plugin. -->","yoast_head_json":{"title":"Nueva herramienta de evaluaci\u00f3n cognitiva de la SGXX - SGXX","robots":{"index":"index","follow":"follow","max-snippet":"max-snippet:-1","max-image-preview":"max-image-preview:large","max-video-preview":"max-video-preview:-1"},"canonical":"https:\/\/sgxx.org\/nueva-herramienta-de-evaluacion-cognitiva-de-la-sgxx\/","og_locale":"es_ES","og_type":"article","og_title":"Nueva herramienta de evaluaci\u00f3n cognitiva de la SGXX - SGXX","og_description":"(V\u00edctor Sariego, 4\/6\/2017).- Analizar de manera est\u00e1ndar la evaluaci\u00f3n de las capacidades cognitivas que se realizan en los centros de personas mayores de Galicia es el objetivo del manual de consenso que acaba de presentar el Grupo de Trabajo en Evaluaci\u00f3n Cognitiva y Neuropsicol\u00f3gica de la Sociedade Galega de Xerontolox\u00eda e Xeriatr\u00eda (SGXX). La gu\u00eda, [&hellip;]","og_url":"https:\/\/sgxx.org\/nueva-herramienta-de-evaluacion-cognitiva-de-la-sgxx\/","og_site_name":"SGXX","article_publisher":"https:\/\/es-es.facebook.com\/pages\/Sociedade-Galega-Xerontoloxia-e-Xeriatria\/327400652646","article_published_time":"2017-07-05T08:17:47+00:00","article_modified_time":"2017-07-05T08:19:39+00:00","og_image":[{"width":600,"height":400,"url":"https:\/\/sgxx.org\/wp-content\/uploads\/2017\/07\/ManualConsenso.jpg","type":"image\/jpeg"}],"author":"Comunicaci\u00f3n SGXX","twitter_card":"summary_large_image","twitter_misc":{"Escrito por":"Comunicaci\u00f3n SGXX","Tiempo de lectura":"2 minutos"},"schema":{"@context":"https:\/\/schema.org","@graph":[{"@type":"Article","@id":"https:\/\/sgxx.org\/nueva-herramienta-de-evaluacion-cognitiva-de-la-sgxx\/#article","isPartOf":{"@id":"https:\/\/sgxx.org\/nueva-herramienta-de-evaluacion-cognitiva-de-la-sgxx\/"},"author":{"name":"Comunicaci\u00f3n SGXX","@id":"https:\/\/sgxx.org\/#\/schema\/person\/6ff53a68441cbed603a543cc7deea4ad"},"headline":"Nueva herramienta de evaluaci\u00f3n cognitiva de la SGXX","datePublished":"2017-07-05T08:17:47+00:00","dateModified":"2017-07-05T08:19:39+00:00","mainEntityOfPage":{"@id":"https:\/\/sgxx.org\/nueva-herramienta-de-evaluacion-cognitiva-de-la-sgxx\/"},"wordCount":460,"commentCount":0,"publisher":{"@id":"https:\/\/sgxx.org\/#organization"},"image":{"@id":"https:\/\/sgxx.org\/nueva-herramienta-de-evaluacion-cognitiva-de-la-sgxx\/#primaryimage"},"thumbnailUrl":"https:\/\/sgxx.org\/wp-content\/uploads\/2017\/07\/ManualConsenso.jpg","keywords":["David Facal","evaluaci\u00f3n cognitiva","geriatr\u00eda","gerontolog\u00eda","Manual consenso SGXX","personas mayores"],"articleSection":["Actualidade"],"inLanguage":"es","potentialAction":[{"@type":"CommentAction","name":"Comment","target":["https:\/\/sgxx.org\/nueva-herramienta-de-evaluacion-cognitiva-de-la-sgxx\/#respond"]}]},{"@type":"WebPage","@id":"https:\/\/sgxx.org\/nueva-herramienta-de-evaluacion-cognitiva-de-la-sgxx\/","url":"https:\/\/sgxx.org\/nueva-herramienta-de-evaluacion-cognitiva-de-la-sgxx\/","name":"Nueva herramienta de evaluaci\u00f3n cognitiva de la SGXX - SGXX","isPartOf":{"@id":"https:\/\/sgxx.org\/#website"},"primaryImageOfPage":{"@id":"https:\/\/sgxx.org\/nueva-herramienta-de-evaluacion-cognitiva-de-la-sgxx\/#primaryimage"},"image":{"@id":"https:\/\/sgxx.org\/nueva-herramienta-de-evaluacion-cognitiva-de-la-sgxx\/#primaryimage"},"thumbnailUrl":"https:\/\/sgxx.org\/wp-content\/uploads\/2017\/07\/ManualConsenso.jpg","datePublished":"2017-07-05T08:17:47+00:00","dateModified":"2017-07-05T08:19:39+00:00","breadcrumb":{"@id":"https:\/\/sgxx.org\/nueva-herramienta-de-evaluacion-cognitiva-de-la-sgxx\/#breadcrumb"},"inLanguage":"es","potentialAction":[{"@type":"ReadAction","target":["https:\/\/sgxx.org\/nueva-herramienta-de-evaluacion-cognitiva-de-la-sgxx\/"]}]},{"@type":"ImageObject","inLanguage":"es","@id":"https:\/\/sgxx.org\/nueva-herramienta-de-evaluacion-cognitiva-de-la-sgxx\/#primaryimage","url":"https:\/\/sgxx.org\/wp-content\/uploads\/2017\/07\/ManualConsenso.jpg","contentUrl":"https:\/\/sgxx.org\/wp-content\/uploads\/2017\/07\/ManualConsenso.jpg","width":600,"height":400},{"@type":"BreadcrumbList","@id":"https:\/\/sgxx.org\/nueva-herramienta-de-evaluacion-cognitiva-de-la-sgxx\/#breadcrumb","itemListElement":[{"@type":"ListItem","position":1,"name":"Portada","item":"https:\/\/sgxx.org\/es\/"},{"@type":"ListItem","position":2,"name":"Nueva herramienta de evaluaci\u00f3n cognitiva de la SGXX"}]},{"@type":"WebSite","@id":"https:\/\/sgxx.org\/#website","url":"https:\/\/sgxx.org\/","name":"SGXX","description":"Web da Sociedade Galega de Xerontolox\u00eda e Xeriatr\u00eda","publisher":{"@id":"https:\/\/sgxx.org\/#organization"},"potentialAction":[{"@type":"SearchAction","target":{"@type":"EntryPoint","urlTemplate":"https:\/\/sgxx.org\/?s={search_term_string}"},"query-input":{"@type":"PropertyValueSpecification","valueRequired":true,"valueName":"search_term_string"}}],"inLanguage":"es"},{"@type":"Organization","@id":"https:\/\/sgxx.org\/#organization","name":"Sociedade Galega de Xerontolox\u00eda e Xeriatr\u00eda (SGXX)","url":"https:\/\/sgxx.org\/","logo":{"@type":"ImageObject","inLanguage":"es","@id":"https:\/\/sgxx.org\/#\/schema\/logo\/image\/","url":"https:\/\/sgxx.org\/wp-content\/uploads\/2016\/09\/sgxx-logo-1.png","contentUrl":"https:\/\/sgxx.org\/wp-content\/uploads\/2016\/09\/sgxx-logo-1.png","width":200,"height":200,"caption":"Sociedade Galega de Xerontolox\u00eda e Xeriatr\u00eda (SGXX)"},"image":{"@id":"https:\/\/sgxx.org\/#\/schema\/logo\/image\/"},"sameAs":["https:\/\/es-es.facebook.com\/pages\/Sociedade-Galega-Xerontoloxia-e-Xeriatria\/327400652646"]},{"@type":"Person","@id":"https:\/\/sgxx.org\/#\/schema\/person\/6ff53a68441cbed603a543cc7deea4ad","name":"Comunicaci\u00f3n SGXX","image":{"@type":"ImageObject","inLanguage":"es","@id":"https:\/\/secure.gravatar.com\/avatar\/e3e5e584f6a676cdca6957289472b6c0e22e4ddba0fefe9522ac7c10765b2b7a?s=96&d=mm&r=g","url":"https:\/\/secure.gravatar.com\/avatar\/e3e5e584f6a676cdca6957289472b6c0e22e4ddba0fefe9522ac7c10765b2b7a?s=96&d=mm&r=g","contentUrl":"https:\/\/secure.gravatar.com\/avatar\/e3e5e584f6a676cdca6957289472b6c0e22e4ddba0fefe9522ac7c10765b2b7a?s=96&d=mm&r=g","caption":"Comunicaci\u00f3n SGXX"}}]}},"_links":{"self":[{"href":"https:\/\/sgxx.org\/es\/wp-json\/wp\/v2\/posts\/2419","targetHints":{"allow":["GET"]}}],"collection":[{"href":"https:\/\/sgxx.org\/es\/wp-json\/wp\/v2\/posts"}],"about":[{"href":"https:\/\/sgxx.org\/es\/wp-json\/wp\/v2\/types\/post"}],"author":[{"embeddable":true,"href":"https:\/\/sgxx.org\/es\/wp-json\/wp\/v2\/users\/3"}],"replies":[{"embeddable":true,"href":"https:\/\/sgxx.org\/es\/wp-json\/wp\/v2\/comments?post=2419"}],"version-history":[{"count":3,"href":"https:\/\/sgxx.org\/es\/wp-json\/wp\/v2\/posts\/2419\/revisions"}],"predecessor-version":[{"id":2424,"href":"https:\/\/sgxx.org\/es\/wp-json\/wp\/v2\/posts\/2419\/revisions\/2424"}],"wp:featuredmedia":[{"embeddable":true,"href":"https:\/\/sgxx.org\/es\/wp-json\/wp\/v2\/media\/2421"}],"wp:attachment":[{"href":"https:\/\/sgxx.org\/es\/wp-json\/wp\/v2\/media?parent=2419"}],"wp:term":[{"taxonomy":"category","embeddable":true,"href":"https:\/\/sgxx.org\/es\/wp-json\/wp\/v2\/categories?post=2419"},{"taxonomy":"post_tag","embeddable":true,"href":"https:\/\/sgxx.org\/es\/wp-json\/wp\/v2\/tags?post=2419"}],"curies":[{"name":"wp","href":"https:\/\/api.w.org\/{rel}","templated":true}]}}