{"id":2840,"date":"2018-02-05T22:43:32","date_gmt":"2018-02-05T21:43:32","guid":{"rendered":"https:\/\/sgxx.org\/?p=2840"},"modified":"2018-02-06T19:04:05","modified_gmt":"2018-02-06T18:04:05","slug":"el-senior-lab-ategal-otorga-protagonismo-las-personas-mayores","status":"publish","type":"post","link":"https:\/\/sgxx.org\/es\/el-senior-lab-ategal-otorga-protagonismo-las-personas-mayores\/","title":{"rendered":"El &#8216;Senior Lab Ategal&#8217; otorga protagonismo a las personas mayores"},"content":{"rendered":"<div class=\"wpb-content-wrapper\">[vc_row][vc_column][vc_row_inner][vc_column_inner width=\u00bb1\/2&#8243;][vc_single_image image=\u00bb2845&#8243; img_size=\u00bbfull\u00bb alignment=\u00bbcenter\u00bb][\/vc_column_inner][vc_column_inner width=\u00bb1\/4&#8243;][vc_single_image image=\u00bb2844&#8243; img_size=\u00bbfull\u00bb alignment=\u00bbcenter\u00bb][\/vc_column_inner][vc_column_inner width=\u00bb1\/4&#8243;][vc_single_image image=\u00bb2843&#8243; img_size=\u00bbfull\u00bb alignment=\u00bbcenter\u00bb][\/vc_column_inner][\/vc_row_inner][vc_empty_space][vc_column_text]\n<div><em>(V\u00edctor Sariego, 5\/02\/2018)<\/em>.- Las <strong>Aulas da Terceira Idade de Galicia<\/strong> (Ategal), -entidad con quien la SGXX colabora habitualmente-\u00a0lleva desarrollando <strong>desde hace un a\u00f1o<\/strong> en su sede de Santiago de Compostela el <strong>proyecto &#8216;Senior Lab Ategal&#8217;.<\/strong> Una iniciativa que, seg\u00fan explica la vicepresidenta de la asociaciaci\u00f3n, <strong>Paula Sande<\/strong>, \u00a0consiste en \u00abun <strong>laboratorio de innovaci\u00f3n que nace bajo la necesidad de abordar las oportunidades y\/o desaf\u00edos que el fen\u00f3meno de la vejez<\/strong> y el envejecimiento traen consigo, pero desde un punto de vista diferente\u00bb, es decir, matiza, \u00abotorg\u00e1ndole <strong>todo el protagonismo a las personas mayores<\/strong> para que sean ellas mismas las que nos indiquen el camino en el que tenemos que trabajar entidades, administraciones y empresas\u00bb. <strong>Y con el objetivo principal,<\/strong> a\u00f1ade, \u00abde construir el futuro de nuestra comunidad, para que trabajando con ellas, y no s\u00f3lo para ellas, logremos prepararnos para el futuro que tenemos a la vuelta de la esquina y al cambio de rol que nos espera\u00bb.<\/div>\n<div><\/div>\n<div>El &#8216;Senior Lab Ategal&#8217; es un <strong>primer espacio f\u00edsico de referencia,<\/strong> como<strong> centro de innovaci\u00f3n social,<\/strong> que se nutre y crece gracias a tejer redes de conocimiento entre personas y empresas.\u00a0Un centro en el que est\u00e1n a disposici\u00f3n de las personas, los recursos existentes y los avances tecnol\u00f3gicos que le permitan mejorar su vida diaria, que muchas veces llegan a los \u00abexpertos\u00bb, pero no al cliente, y en el que las personas mayores se convierten en \u00abpanelistas\u00bb de diferentes perfiles. As\u00ed, <strong>testean<\/strong> ropa, alimentos, productos, soluciones y servicios, destinados para este colectivo y que, en la mayor parte de las ocasiones, fueron dise\u00f1ados al margen del mismo y de sus intereses.<\/div>\n<div><\/div>\n<h2>Finalidad y raz\u00f3n de ser<\/h2>\n<div>El\u00a0objetivo del &#8216;Senior Lab Ategal&#8217;, matiza la vicepresidenta de las aulas, \u00abes <strong>hacer posible una innovaci\u00f3n basada en la experiencia<\/strong>, permitiendo la incorporaci\u00f3n de la innovaci\u00f3n a partir de la participaci\u00f3n de todos los agentes implicados como son las personas mayores, las familias, las empresas&#8230;y la creaci\u00f3n de soluciones, <strong>maximizando el beneficio social,<\/strong> buscando impactos en la mejora de la calidad de vida y la salud, en la mejora de la sostenibilidad del sistema, as\u00ed como la creaci\u00f3n de nuevas oportunidades de desarrollo\u00bb.<\/div>\n<div><\/div>\n<div>En ese sentido, &#8216;Senior Lab&#8217; busca \u00ab<strong>generar impacto en la zona donde se unen la innovaci\u00f3n<\/strong>, la trascendencia social y el mundo de la vejez y el envejecimiento\u00bb, a\u00f1ade Sande que explica los resultados que est\u00e1n logrando con este proyecto.<\/div>\n<div><\/div>\n<h2>Resultados logrados<\/h2>\n<div><strong>Participaci\u00f3n social de las personas mayores<\/strong> cuya nueva generaci\u00f3n \u00abquiere seguir en el mundo y est\u00e1 dispuesta a integrarse en comunidades con las que se identifique, independientemente de su edad\u00bb.<\/div>\n<div><\/div>\n<div><strong>Aprendizaje permanente y empoderamiento<\/strong>: \u00abformar para ser y estar en la actualidad, fomentar la autonom\u00eda y autodeterminaci\u00f3n de las personas mayores para estar preparados ante los retos que presenta una sociedad que envejece\u00bb.<\/div>\n<div><\/div>\n<div><strong>Talento senior:<\/strong> \u00ab\u00bfqu\u00e9 ocurre con todo el talento de las personas mayores que llegan a la vejez cada vez m\u00e1s formados, con mayores inquietudes, experiencia y trayectoria?, todo esto, \u00bfse pierde con la jubilaci\u00f3n?. Se identifican estas personas mayores con las propuestas de envejecimiento que se le ofrecen? Es fundamental dar opciones a este talento, tal y como hace el Senior Lab Ategal\u00bb.<\/div>\n<div><\/div>\n[\/vc_column_text][\/vc_column][\/vc_row]\n<\/div>","protected":false},"excerpt":{"rendered":"<p>[vc_row][vc_column][vc_row_inner][vc_column_inner width=\u00bb1\/2&#8243;][vc_single_image image=\u00bb2845&#8243; img_size=\u00bbfull\u00bb alignment=\u00bbcenter\u00bb][\/vc_column_inner][vc_column_inner width=\u00bb1\/4&#8243;][vc_single_image image=\u00bb2844&#8243; img_size=\u00bbfull\u00bb alignment=\u00bbcenter\u00bb][\/vc_column_inner][vc_column_inner width=\u00bb1\/4&#8243;][vc_single_image image=\u00bb2843&#8243; img_size=\u00bbfull\u00bb alignment=\u00bbcenter\u00bb][\/vc_column_inner][\/vc_row_inner][vc_empty_space][vc_column_text] (V\u00edctor Sariego, 5\/02\/2018).- Las Aulas da Terceira Idade de Galicia (Ategal), -entidad con quien la SGXX colabora habitualmente-\u00a0lleva desarrollando desde hace un a\u00f1o en su sede de Santiago de Compostela el proyecto &#8216;Senior Lab Ategal&#8217;. Una iniciativa que, seg\u00fan explica la vicepresidenta [&hellip;]<\/p>\n","protected":false},"author":3,"featured_media":2846,"comment_status":"open","ping_status":"open","sticky":false,"template":"","format":"standard","meta":{"footnotes":""},"categories":[6,103,104],"tags":[244,243,247,21,22,248,11,246],"class_list":["post-2840","post","type-post","status-publish","format-standard","has-post-thumbnail","hentry","category-actualidade","category-envejecimiento-activo","category-envejecimiento-saludable","tag-ategal","tag-aulas-da-terceira-idade-de-galicia","tag-paula-sande","tag-personas-mayores","tag-senior","tag-senior-lab-ategal","tag-sgxx","tag-vejez-envejecimiento"],"yoast_head":"<!-- This site is optimized with the Yoast SEO plugin v27.4 - https:\/\/yoast.com\/product\/yoast-seo-wordpress\/ -->\n<title>El &#039;Senior Lab Ategal&#039; otorga protagonismo a las personas mayores - SGXX<\/title>\n<meta name=\"robots\" content=\"index, follow, max-snippet:-1, max-image-preview:large, max-video-preview:-1\" \/>\n<link rel=\"canonical\" href=\"https:\/\/sgxx.org\/el-senior-lab-ategal-otorga-protagonismo-las-personas-mayores\/\" \/>\n<meta property=\"og:locale\" content=\"es_ES\" \/>\n<meta property=\"og:type\" content=\"article\" \/>\n<meta property=\"og:title\" content=\"El &#039;Senior Lab Ategal&#039; otorga protagonismo a las personas mayores - SGXX\" \/>\n<meta property=\"og:description\" content=\"[vc_row][vc_column][vc_row_inner][vc_column_inner width=\u00bb1\/2&#8243;][vc_single_image image=\u00bb2845&#8243; img_size=\u00bbfull\u00bb alignment=\u00bbcenter\u00bb][\/vc_column_inner][vc_column_inner width=\u00bb1\/4&#8243;][vc_single_image image=\u00bb2844&#8243; img_size=\u00bbfull\u00bb alignment=\u00bbcenter\u00bb][\/vc_column_inner][vc_column_inner width=\u00bb1\/4&#8243;][vc_single_image image=\u00bb2843&#8243; img_size=\u00bbfull\u00bb alignment=\u00bbcenter\u00bb][\/vc_column_inner][\/vc_row_inner][vc_empty_space][vc_column_text] (V\u00edctor Sariego, 5\/02\/2018).- Las Aulas da Terceira Idade de Galicia (Ategal), -entidad con quien la SGXX colabora habitualmente-\u00a0lleva desarrollando desde hace un a\u00f1o en su sede de Santiago de Compostela el proyecto &#8216;Senior Lab Ategal&#8217;. Una iniciativa que, seg\u00fan explica la vicepresidenta [&hellip;]\" \/>\n<meta property=\"og:url\" content=\"https:\/\/sgxx.org\/el-senior-lab-ategal-otorga-protagonismo-las-personas-mayores\/\" \/>\n<meta property=\"og:site_name\" content=\"SGXX\" \/>\n<meta property=\"article:publisher\" content=\"https:\/\/es-es.facebook.com\/pages\/Sociedade-Galega-Xerontoloxia-e-Xeriatria\/327400652646\" \/>\n<meta property=\"article:published_time\" content=\"2018-02-05T21:43:32+00:00\" \/>\n<meta property=\"article:modified_time\" content=\"2018-02-06T18:04:05+00:00\" \/>\n<meta property=\"og:image\" content=\"https:\/\/sgxx.org\/wp-content\/uploads\/2018\/02\/Portada.jpg\" \/>\n\t<meta property=\"og:image:width\" content=\"600\" \/>\n\t<meta property=\"og:image:height\" content=\"400\" \/>\n\t<meta property=\"og:image:type\" content=\"image\/jpeg\" \/>\n<meta name=\"author\" content=\"Comunicaci\u00f3n SGXX\" \/>\n<meta name=\"twitter:card\" content=\"summary_large_image\" \/>\n<meta name=\"twitter:label1\" content=\"Escrito por\" \/>\n\t<meta name=\"twitter:data1\" content=\"Comunicaci\u00f3n SGXX\" \/>\n\t<meta name=\"twitter:label2\" content=\"Tiempo de lectura\" \/>\n\t<meta name=\"twitter:data2\" content=\"3 minutos\" \/>\n<script type=\"application\/ld+json\" class=\"yoast-schema-graph\">{\"@context\":\"https:\\\/\\\/schema.org\",\"@graph\":[{\"@type\":\"Article\",\"@id\":\"https:\\\/\\\/sgxx.org\\\/el-senior-lab-ategal-otorga-protagonismo-las-personas-mayores\\\/#article\",\"isPartOf\":{\"@id\":\"https:\\\/\\\/sgxx.org\\\/el-senior-lab-ategal-otorga-protagonismo-las-personas-mayores\\\/\"},\"author\":{\"name\":\"Comunicaci\u00f3n SGXX\",\"@id\":\"https:\\\/\\\/sgxx.org\\\/#\\\/schema\\\/person\\\/6ff53a68441cbed603a543cc7deea4ad\"},\"headline\":\"El &#8216;Senior Lab Ategal&#8217; otorga protagonismo a las personas mayores\",\"datePublished\":\"2018-02-05T21:43:32+00:00\",\"dateModified\":\"2018-02-06T18:04:05+00:00\",\"mainEntityOfPage\":{\"@id\":\"https:\\\/\\\/sgxx.org\\\/el-senior-lab-ategal-otorga-protagonismo-las-personas-mayores\\\/\"},\"wordCount\":643,\"commentCount\":1,\"publisher\":{\"@id\":\"https:\\\/\\\/sgxx.org\\\/#organization\"},\"image\":{\"@id\":\"https:\\\/\\\/sgxx.org\\\/el-senior-lab-ategal-otorga-protagonismo-las-personas-mayores\\\/#primaryimage\"},\"thumbnailUrl\":\"https:\\\/\\\/sgxx.org\\\/wp-content\\\/uploads\\\/2018\\\/02\\\/Portada.jpg\",\"keywords\":[\"Ategal\",\"Aulas da Terceira Idade de Galicia\",\"Paula Sande\",\"personas mayores\",\"senior\",\"Senior Lab Ategal\",\"SGXX\",\"vejez envejecimiento\"],\"articleSection\":[\"Actualidade\",\"Envejecimiento activo\",\"Envejecimiento saludable\"],\"inLanguage\":\"es\",\"potentialAction\":[{\"@type\":\"CommentAction\",\"name\":\"Comment\",\"target\":[\"https:\\\/\\\/sgxx.org\\\/el-senior-lab-ategal-otorga-protagonismo-las-personas-mayores\\\/#respond\"]}]},{\"@type\":\"WebPage\",\"@id\":\"https:\\\/\\\/sgxx.org\\\/el-senior-lab-ategal-otorga-protagonismo-las-personas-mayores\\\/\",\"url\":\"https:\\\/\\\/sgxx.org\\\/el-senior-lab-ategal-otorga-protagonismo-las-personas-mayores\\\/\",\"name\":\"El 'Senior Lab Ategal' otorga protagonismo a las personas mayores - SGXX\",\"isPartOf\":{\"@id\":\"https:\\\/\\\/sgxx.org\\\/#website\"},\"primaryImageOfPage\":{\"@id\":\"https:\\\/\\\/sgxx.org\\\/el-senior-lab-ategal-otorga-protagonismo-las-personas-mayores\\\/#primaryimage\"},\"image\":{\"@id\":\"https:\\\/\\\/sgxx.org\\\/el-senior-lab-ategal-otorga-protagonismo-las-personas-mayores\\\/#primaryimage\"},\"thumbnailUrl\":\"https:\\\/\\\/sgxx.org\\\/wp-content\\\/uploads\\\/2018\\\/02\\\/Portada.jpg\",\"datePublished\":\"2018-02-05T21:43:32+00:00\",\"dateModified\":\"2018-02-06T18:04:05+00:00\",\"breadcrumb\":{\"@id\":\"https:\\\/\\\/sgxx.org\\\/el-senior-lab-ategal-otorga-protagonismo-las-personas-mayores\\\/#breadcrumb\"},\"inLanguage\":\"es\",\"potentialAction\":[{\"@type\":\"ReadAction\",\"target\":[\"https:\\\/\\\/sgxx.org\\\/el-senior-lab-ategal-otorga-protagonismo-las-personas-mayores\\\/\"]}]},{\"@type\":\"ImageObject\",\"inLanguage\":\"es\",\"@id\":\"https:\\\/\\\/sgxx.org\\\/el-senior-lab-ategal-otorga-protagonismo-las-personas-mayores\\\/#primaryimage\",\"url\":\"https:\\\/\\\/sgxx.org\\\/wp-content\\\/uploads\\\/2018\\\/02\\\/Portada.jpg\",\"contentUrl\":\"https:\\\/\\\/sgxx.org\\\/wp-content\\\/uploads\\\/2018\\\/02\\\/Portada.jpg\",\"width\":600,\"height\":400},{\"@type\":\"BreadcrumbList\",\"@id\":\"https:\\\/\\\/sgxx.org\\\/el-senior-lab-ategal-otorga-protagonismo-las-personas-mayores\\\/#breadcrumb\",\"itemListElement\":[{\"@type\":\"ListItem\",\"position\":1,\"name\":\"Portada\",\"item\":\"https:\\\/\\\/sgxx.org\\\/es\\\/\"},{\"@type\":\"ListItem\",\"position\":2,\"name\":\"El &#8216;Senior Lab Ategal&#8217; otorga protagonismo a las personas mayores\"}]},{\"@type\":\"WebSite\",\"@id\":\"https:\\\/\\\/sgxx.org\\\/#website\",\"url\":\"https:\\\/\\\/sgxx.org\\\/\",\"name\":\"SGXX\",\"description\":\"Web da Sociedade Galega de Xerontolox\u00eda e Xeriatr\u00eda\",\"publisher\":{\"@id\":\"https:\\\/\\\/sgxx.org\\\/#organization\"},\"potentialAction\":[{\"@type\":\"SearchAction\",\"target\":{\"@type\":\"EntryPoint\",\"urlTemplate\":\"https:\\\/\\\/sgxx.org\\\/?s={search_term_string}\"},\"query-input\":{\"@type\":\"PropertyValueSpecification\",\"valueRequired\":true,\"valueName\":\"search_term_string\"}}],\"inLanguage\":\"es\"},{\"@type\":\"Organization\",\"@id\":\"https:\\\/\\\/sgxx.org\\\/#organization\",\"name\":\"Sociedade Galega de Xerontolox\u00eda e Xeriatr\u00eda (SGXX)\",\"url\":\"https:\\\/\\\/sgxx.org\\\/\",\"logo\":{\"@type\":\"ImageObject\",\"inLanguage\":\"es\",\"@id\":\"https:\\\/\\\/sgxx.org\\\/#\\\/schema\\\/logo\\\/image\\\/\",\"url\":\"https:\\\/\\\/sgxx.org\\\/wp-content\\\/uploads\\\/2016\\\/09\\\/sgxx-logo-1.png\",\"contentUrl\":\"https:\\\/\\\/sgxx.org\\\/wp-content\\\/uploads\\\/2016\\\/09\\\/sgxx-logo-1.png\",\"width\":200,\"height\":200,\"caption\":\"Sociedade Galega de Xerontolox\u00eda e Xeriatr\u00eda (SGXX)\"},\"image\":{\"@id\":\"https:\\\/\\\/sgxx.org\\\/#\\\/schema\\\/logo\\\/image\\\/\"},\"sameAs\":[\"https:\\\/\\\/es-es.facebook.com\\\/pages\\\/Sociedade-Galega-Xerontoloxia-e-Xeriatria\\\/327400652646\"]},{\"@type\":\"Person\",\"@id\":\"https:\\\/\\\/sgxx.org\\\/#\\\/schema\\\/person\\\/6ff53a68441cbed603a543cc7deea4ad\",\"name\":\"Comunicaci\u00f3n SGXX\",\"image\":{\"@type\":\"ImageObject\",\"inLanguage\":\"es\",\"@id\":\"https:\\\/\\\/secure.gravatar.com\\\/avatar\\\/e3e5e584f6a676cdca6957289472b6c0e22e4ddba0fefe9522ac7c10765b2b7a?s=96&d=mm&r=g\",\"url\":\"https:\\\/\\\/secure.gravatar.com\\\/avatar\\\/e3e5e584f6a676cdca6957289472b6c0e22e4ddba0fefe9522ac7c10765b2b7a?s=96&d=mm&r=g\",\"contentUrl\":\"https:\\\/\\\/secure.gravatar.com\\\/avatar\\\/e3e5e584f6a676cdca6957289472b6c0e22e4ddba0fefe9522ac7c10765b2b7a?s=96&d=mm&r=g\",\"caption\":\"Comunicaci\u00f3n SGXX\"}}]}<\/script>\n<!-- \/ Yoast SEO plugin. -->","yoast_head_json":{"title":"El 'Senior Lab Ategal' otorga protagonismo a las personas mayores - SGXX","robots":{"index":"index","follow":"follow","max-snippet":"max-snippet:-1","max-image-preview":"max-image-preview:large","max-video-preview":"max-video-preview:-1"},"canonical":"https:\/\/sgxx.org\/el-senior-lab-ategal-otorga-protagonismo-las-personas-mayores\/","og_locale":"es_ES","og_type":"article","og_title":"El 'Senior Lab Ategal' otorga protagonismo a las personas mayores - SGXX","og_description":"[vc_row][vc_column][vc_row_inner][vc_column_inner width=\u00bb1\/2&#8243;][vc_single_image image=\u00bb2845&#8243; img_size=\u00bbfull\u00bb alignment=\u00bbcenter\u00bb][\/vc_column_inner][vc_column_inner width=\u00bb1\/4&#8243;][vc_single_image image=\u00bb2844&#8243; img_size=\u00bbfull\u00bb alignment=\u00bbcenter\u00bb][\/vc_column_inner][vc_column_inner width=\u00bb1\/4&#8243;][vc_single_image image=\u00bb2843&#8243; img_size=\u00bbfull\u00bb alignment=\u00bbcenter\u00bb][\/vc_column_inner][\/vc_row_inner][vc_empty_space][vc_column_text] (V\u00edctor Sariego, 5\/02\/2018).- Las Aulas da Terceira Idade de Galicia (Ategal), -entidad con quien la SGXX colabora habitualmente-\u00a0lleva desarrollando desde hace un a\u00f1o en su sede de Santiago de Compostela el proyecto &#8216;Senior Lab Ategal&#8217;. Una iniciativa que, seg\u00fan explica la vicepresidenta [&hellip;]","og_url":"https:\/\/sgxx.org\/el-senior-lab-ategal-otorga-protagonismo-las-personas-mayores\/","og_site_name":"SGXX","article_publisher":"https:\/\/es-es.facebook.com\/pages\/Sociedade-Galega-Xerontoloxia-e-Xeriatria\/327400652646","article_published_time":"2018-02-05T21:43:32+00:00","article_modified_time":"2018-02-06T18:04:05+00:00","og_image":[{"width":600,"height":400,"url":"https:\/\/sgxx.org\/wp-content\/uploads\/2018\/02\/Portada.jpg","type":"image\/jpeg"}],"author":"Comunicaci\u00f3n SGXX","twitter_card":"summary_large_image","twitter_misc":{"Escrito por":"Comunicaci\u00f3n SGXX","Tiempo de lectura":"3 minutos"},"schema":{"@context":"https:\/\/schema.org","@graph":[{"@type":"Article","@id":"https:\/\/sgxx.org\/el-senior-lab-ategal-otorga-protagonismo-las-personas-mayores\/#article","isPartOf":{"@id":"https:\/\/sgxx.org\/el-senior-lab-ategal-otorga-protagonismo-las-personas-mayores\/"},"author":{"name":"Comunicaci\u00f3n SGXX","@id":"https:\/\/sgxx.org\/#\/schema\/person\/6ff53a68441cbed603a543cc7deea4ad"},"headline":"El &#8216;Senior Lab Ategal&#8217; otorga protagonismo a las personas mayores","datePublished":"2018-02-05T21:43:32+00:00","dateModified":"2018-02-06T18:04:05+00:00","mainEntityOfPage":{"@id":"https:\/\/sgxx.org\/el-senior-lab-ategal-otorga-protagonismo-las-personas-mayores\/"},"wordCount":643,"commentCount":1,"publisher":{"@id":"https:\/\/sgxx.org\/#organization"},"image":{"@id":"https:\/\/sgxx.org\/el-senior-lab-ategal-otorga-protagonismo-las-personas-mayores\/#primaryimage"},"thumbnailUrl":"https:\/\/sgxx.org\/wp-content\/uploads\/2018\/02\/Portada.jpg","keywords":["Ategal","Aulas da Terceira Idade de Galicia","Paula Sande","personas mayores","senior","Senior Lab Ategal","SGXX","vejez envejecimiento"],"articleSection":["Actualidade","Envejecimiento activo","Envejecimiento saludable"],"inLanguage":"es","potentialAction":[{"@type":"CommentAction","name":"Comment","target":["https:\/\/sgxx.org\/el-senior-lab-ategal-otorga-protagonismo-las-personas-mayores\/#respond"]}]},{"@type":"WebPage","@id":"https:\/\/sgxx.org\/el-senior-lab-ategal-otorga-protagonismo-las-personas-mayores\/","url":"https:\/\/sgxx.org\/el-senior-lab-ategal-otorga-protagonismo-las-personas-mayores\/","name":"El 'Senior Lab Ategal' otorga protagonismo a las personas mayores - SGXX","isPartOf":{"@id":"https:\/\/sgxx.org\/#website"},"primaryImageOfPage":{"@id":"https:\/\/sgxx.org\/el-senior-lab-ategal-otorga-protagonismo-las-personas-mayores\/#primaryimage"},"image":{"@id":"https:\/\/sgxx.org\/el-senior-lab-ategal-otorga-protagonismo-las-personas-mayores\/#primaryimage"},"thumbnailUrl":"https:\/\/sgxx.org\/wp-content\/uploads\/2018\/02\/Portada.jpg","datePublished":"2018-02-05T21:43:32+00:00","dateModified":"2018-02-06T18:04:05+00:00","breadcrumb":{"@id":"https:\/\/sgxx.org\/el-senior-lab-ategal-otorga-protagonismo-las-personas-mayores\/#breadcrumb"},"inLanguage":"es","potentialAction":[{"@type":"ReadAction","target":["https:\/\/sgxx.org\/el-senior-lab-ategal-otorga-protagonismo-las-personas-mayores\/"]}]},{"@type":"ImageObject","inLanguage":"es","@id":"https:\/\/sgxx.org\/el-senior-lab-ategal-otorga-protagonismo-las-personas-mayores\/#primaryimage","url":"https:\/\/sgxx.org\/wp-content\/uploads\/2018\/02\/Portada.jpg","contentUrl":"https:\/\/sgxx.org\/wp-content\/uploads\/2018\/02\/Portada.jpg","width":600,"height":400},{"@type":"BreadcrumbList","@id":"https:\/\/sgxx.org\/el-senior-lab-ategal-otorga-protagonismo-las-personas-mayores\/#breadcrumb","itemListElement":[{"@type":"ListItem","position":1,"name":"Portada","item":"https:\/\/sgxx.org\/es\/"},{"@type":"ListItem","position":2,"name":"El &#8216;Senior Lab Ategal&#8217; otorga protagonismo a las personas mayores"}]},{"@type":"WebSite","@id":"https:\/\/sgxx.org\/#website","url":"https:\/\/sgxx.org\/","name":"SGXX","description":"Web da Sociedade Galega de Xerontolox\u00eda e Xeriatr\u00eda","publisher":{"@id":"https:\/\/sgxx.org\/#organization"},"potentialAction":[{"@type":"SearchAction","target":{"@type":"EntryPoint","urlTemplate":"https:\/\/sgxx.org\/?s={search_term_string}"},"query-input":{"@type":"PropertyValueSpecification","valueRequired":true,"valueName":"search_term_string"}}],"inLanguage":"es"},{"@type":"Organization","@id":"https:\/\/sgxx.org\/#organization","name":"Sociedade Galega de Xerontolox\u00eda e Xeriatr\u00eda (SGXX)","url":"https:\/\/sgxx.org\/","logo":{"@type":"ImageObject","inLanguage":"es","@id":"https:\/\/sgxx.org\/#\/schema\/logo\/image\/","url":"https:\/\/sgxx.org\/wp-content\/uploads\/2016\/09\/sgxx-logo-1.png","contentUrl":"https:\/\/sgxx.org\/wp-content\/uploads\/2016\/09\/sgxx-logo-1.png","width":200,"height":200,"caption":"Sociedade Galega de Xerontolox\u00eda e Xeriatr\u00eda (SGXX)"},"image":{"@id":"https:\/\/sgxx.org\/#\/schema\/logo\/image\/"},"sameAs":["https:\/\/es-es.facebook.com\/pages\/Sociedade-Galega-Xerontoloxia-e-Xeriatria\/327400652646"]},{"@type":"Person","@id":"https:\/\/sgxx.org\/#\/schema\/person\/6ff53a68441cbed603a543cc7deea4ad","name":"Comunicaci\u00f3n SGXX","image":{"@type":"ImageObject","inLanguage":"es","@id":"https:\/\/secure.gravatar.com\/avatar\/e3e5e584f6a676cdca6957289472b6c0e22e4ddba0fefe9522ac7c10765b2b7a?s=96&d=mm&r=g","url":"https:\/\/secure.gravatar.com\/avatar\/e3e5e584f6a676cdca6957289472b6c0e22e4ddba0fefe9522ac7c10765b2b7a?s=96&d=mm&r=g","contentUrl":"https:\/\/secure.gravatar.com\/avatar\/e3e5e584f6a676cdca6957289472b6c0e22e4ddba0fefe9522ac7c10765b2b7a?s=96&d=mm&r=g","caption":"Comunicaci\u00f3n SGXX"}}]}},"_links":{"self":[{"href":"https:\/\/sgxx.org\/es\/wp-json\/wp\/v2\/posts\/2840","targetHints":{"allow":["GET"]}}],"collection":[{"href":"https:\/\/sgxx.org\/es\/wp-json\/wp\/v2\/posts"}],"about":[{"href":"https:\/\/sgxx.org\/es\/wp-json\/wp\/v2\/types\/post"}],"author":[{"embeddable":true,"href":"https:\/\/sgxx.org\/es\/wp-json\/wp\/v2\/users\/3"}],"replies":[{"embeddable":true,"href":"https:\/\/sgxx.org\/es\/wp-json\/wp\/v2\/comments?post=2840"}],"version-history":[{"count":3,"href":"https:\/\/sgxx.org\/es\/wp-json\/wp\/v2\/posts\/2840\/revisions"}],"predecessor-version":[{"id":2865,"href":"https:\/\/sgxx.org\/es\/wp-json\/wp\/v2\/posts\/2840\/revisions\/2865"}],"wp:featuredmedia":[{"embeddable":true,"href":"https:\/\/sgxx.org\/es\/wp-json\/wp\/v2\/media\/2846"}],"wp:attachment":[{"href":"https:\/\/sgxx.org\/es\/wp-json\/wp\/v2\/media?parent=2840"}],"wp:term":[{"taxonomy":"category","embeddable":true,"href":"https:\/\/sgxx.org\/es\/wp-json\/wp\/v2\/categories?post=2840"},{"taxonomy":"post_tag","embeddable":true,"href":"https:\/\/sgxx.org\/es\/wp-json\/wp\/v2\/tags?post=2840"}],"curies":[{"name":"wp","href":"https:\/\/api.w.org\/{rel}","templated":true}]}}