{"id":483,"date":"2014-01-16T09:05:04","date_gmt":"2014-01-16T09:05:04","guid":{"rendered":"https:\/\/sgxx.org\/?p=483"},"modified":"2022-11-08T18:50:07","modified_gmt":"2022-11-08T17:50:07","slug":"convenio-entre-a-sgxx-e-a-federacion-down-galicia-asinado-o-15-01-2014","status":"publish","type":"post","link":"https:\/\/sgxx.org\/es\/convenio-entre-a-sgxx-e-a-federacion-down-galicia-asinado-o-15-01-2014\/","title":{"rendered":"Convenio entre a SGXX e a Federaci\u00f3n DOWN GALICIA asinado o 15.01.2014"},"content":{"rendered":"<p class=\"feature Estilo16\">A Sociedade Galega de Xerontolox\u00eda e Xeriatr\u00eda e a Federaci\u00f3n Down Galicia, asinan un acordo marco de colaboraci\u00f3n para favorecer o envellecemento activo e saudable de persoas con S\u00edndrome de Down e\/ou discapacidade intelectual.<\/p>\n<p class=\"feature Estilo16\">O acordo, na s\u00faa cl\u00e1usula terceira recolle as propostas xerais de colaboraci\u00f3n, entre as que se atopan o intercambio de colaboraci\u00f3n sobre o perfil e as necesidades do colectivo con s\u00edndrome de Down, as\u00ed como o Asesoramento na posta en marcha de programas de envellecemento activo e saudable, a promoci\u00f3n de actividades de investigaci\u00f3n y a promoci\u00f3n e elaboraci\u00f3n de materiais de sensibilizaci\u00f3n a sociedade en xeral.<\/p>\n<p class=\"feature Estilo16\">A este acordo adheriranse as sete asociaci\u00f3ns de Down da Federaci\u00f3n.<\/p>\n<p class=\"feature Estilo16\" align=\"center\"><a href=\"https:\/\/sgxx.org\/docs\/Convenio_Down_Galicia.pdf\" target=\"_blank\" rel=\"noopener\"><strong><span style=\"text-decoration: underline;\">ACCESO AL CONVENIO<\/span><\/strong><\/a><\/p>\n<div align=\"center\">\n<div style=\"width: 577px\" class=\"wp-caption aligncenter\"><img decoding=\"async\" src=\"https:\/\/sgxx.org\/images\/down.jpg\" alt=\"O Presidente da SGXX, Prof. Mill\u00e1n Calenti e o Presidente da Federaci\u00f3n Down Galicia, asinan o acordo en presencia de Juanjo da Asociaci\u00f3n Down de Ferrol.\" width=\"567\" height=\"375\" \/><p class=\"wp-caption-text\">O Presidente da SGXX, Prof. Mill\u00e1n Calenti e o Presidente da Federaci\u00f3n Down Galicia, asinan o acordo en presencia de Juanjo da Asociaci\u00f3n Down de Ferrol.<\/p><\/div>\n<\/div>\n<p class=\"feature Estilo16\">\n","protected":false},"excerpt":{"rendered":"<p>A Sociedade Galega de Xerontolox\u00eda e Xeriatr\u00eda e a Federaci\u00f3n Down Galicia, asinan un acordo marco de colaboraci\u00f3n para favorecer o envellecemento activo e saudable de persoas con S\u00edndrome de Down e\/ou discapacidade intelectual. O acordo, na s\u00faa cl\u00e1usula terceira recolle as propostas xerais de colaboraci\u00f3n, entre as que se atopan o intercambio de colaboraci\u00f3n [&hellip;]<\/p>\n","protected":false},"author":3,"featured_media":0,"comment_status":"closed","ping_status":"open","sticky":false,"template":"","format":"standard","meta":{"footnotes":""},"categories":[1],"tags":[],"class_list":["post-483","post","type-post","status-publish","format-standard","hentry","category-uncategorized-gl"],"yoast_head":"<!-- This site is optimized with the Yoast SEO plugin v27.4 - https:\/\/yoast.com\/product\/yoast-seo-wordpress\/ -->\n<title>Convenio entre a SGXX e a Federaci\u00f3n DOWN GALICIA asinado o 15.01.2014 - SGXX<\/title>\n<meta name=\"robots\" content=\"index, follow, max-snippet:-1, max-image-preview:large, max-video-preview:-1\" \/>\n<link rel=\"canonical\" href=\"https:\/\/sgxx.org\/es\/convenio-entre-a-sgxx-e-a-federacion-down-galicia-asinado-o-15-01-2014\/\" \/>\n<meta property=\"og:locale\" content=\"es_ES\" \/>\n<meta property=\"og:type\" content=\"article\" \/>\n<meta property=\"og:title\" content=\"Convenio entre a SGXX e a Federaci\u00f3n DOWN GALICIA asinado o 15.01.2014 - SGXX\" \/>\n<meta property=\"og:description\" content=\"A Sociedade Galega de Xerontolox\u00eda e Xeriatr\u00eda e a Federaci\u00f3n Down Galicia, asinan un acordo marco de colaboraci\u00f3n para favorecer o envellecemento activo e saudable de persoas con S\u00edndrome de Down e\/ou discapacidade intelectual. O acordo, na s\u00faa cl\u00e1usula terceira recolle as propostas xerais de colaboraci\u00f3n, entre as que se atopan o intercambio de colaboraci\u00f3n [&hellip;]\" \/>\n<meta property=\"og:url\" content=\"https:\/\/sgxx.org\/es\/convenio-entre-a-sgxx-e-a-federacion-down-galicia-asinado-o-15-01-2014\/\" \/>\n<meta property=\"og:site_name\" content=\"SGXX\" \/>\n<meta property=\"article:publisher\" content=\"https:\/\/es-es.facebook.com\/pages\/Sociedade-Galega-Xerontoloxia-e-Xeriatria\/327400652646\" \/>\n<meta property=\"article:published_time\" content=\"2014-01-16T09:05:04+00:00\" \/>\n<meta property=\"article:modified_time\" content=\"2022-11-08T17:50:07+00:00\" \/>\n<meta property=\"og:image\" content=\"https:\/\/sgxx.org\/images\/down.jpg\" \/>\n<meta name=\"author\" content=\"Comunicaci\u00f3n SGXX\" \/>\n<meta name=\"twitter:card\" content=\"summary_large_image\" \/>\n<meta name=\"twitter:label1\" content=\"Escrito por\" \/>\n\t<meta name=\"twitter:data1\" content=\"Comunicaci\u00f3n SGXX\" \/>\n\t<meta name=\"twitter:label2\" content=\"Tiempo de lectura\" \/>\n\t<meta name=\"twitter:data2\" content=\"1 minuto\" \/>\n<script type=\"application\/ld+json\" class=\"yoast-schema-graph\">{\"@context\":\"https:\\\/\\\/schema.org\",\"@graph\":[{\"@type\":\"Article\",\"@id\":\"https:\\\/\\\/sgxx.org\\\/es\\\/convenio-entre-a-sgxx-e-a-federacion-down-galicia-asinado-o-15-01-2014\\\/#article\",\"isPartOf\":{\"@id\":\"https:\\\/\\\/sgxx.org\\\/es\\\/convenio-entre-a-sgxx-e-a-federacion-down-galicia-asinado-o-15-01-2014\\\/\"},\"author\":{\"name\":\"Comunicaci\u00f3n SGXX\",\"@id\":\"https:\\\/\\\/sgxx.org\\\/#\\\/schema\\\/person\\\/6ff53a68441cbed603a543cc7deea4ad\"},\"headline\":\"Convenio entre a SGXX e a Federaci\u00f3n DOWN GALICIA asinado o 15.01.2014\",\"datePublished\":\"2014-01-16T09:05:04+00:00\",\"dateModified\":\"2022-11-08T17:50:07+00:00\",\"mainEntityOfPage\":{\"@id\":\"https:\\\/\\\/sgxx.org\\\/es\\\/convenio-entre-a-sgxx-e-a-federacion-down-galicia-asinado-o-15-01-2014\\\/\"},\"wordCount\":180,\"publisher\":{\"@id\":\"https:\\\/\\\/sgxx.org\\\/#organization\"},\"image\":{\"@id\":\"https:\\\/\\\/sgxx.org\\\/es\\\/convenio-entre-a-sgxx-e-a-federacion-down-galicia-asinado-o-15-01-2014\\\/#primaryimage\"},\"thumbnailUrl\":\"https:\\\/\\\/sgxx.org\\\/images\\\/down.jpg\",\"articleSection\":[\"Uncategorized @gl\"],\"inLanguage\":\"es\"},{\"@type\":\"WebPage\",\"@id\":\"https:\\\/\\\/sgxx.org\\\/es\\\/convenio-entre-a-sgxx-e-a-federacion-down-galicia-asinado-o-15-01-2014\\\/\",\"url\":\"https:\\\/\\\/sgxx.org\\\/es\\\/convenio-entre-a-sgxx-e-a-federacion-down-galicia-asinado-o-15-01-2014\\\/\",\"name\":\"Convenio entre a SGXX e a Federaci\u00f3n DOWN GALICIA asinado o 15.01.2014 - SGXX\",\"isPartOf\":{\"@id\":\"https:\\\/\\\/sgxx.org\\\/#website\"},\"primaryImageOfPage\":{\"@id\":\"https:\\\/\\\/sgxx.org\\\/es\\\/convenio-entre-a-sgxx-e-a-federacion-down-galicia-asinado-o-15-01-2014\\\/#primaryimage\"},\"image\":{\"@id\":\"https:\\\/\\\/sgxx.org\\\/es\\\/convenio-entre-a-sgxx-e-a-federacion-down-galicia-asinado-o-15-01-2014\\\/#primaryimage\"},\"thumbnailUrl\":\"https:\\\/\\\/sgxx.org\\\/images\\\/down.jpg\",\"datePublished\":\"2014-01-16T09:05:04+00:00\",\"dateModified\":\"2022-11-08T17:50:07+00:00\",\"breadcrumb\":{\"@id\":\"https:\\\/\\\/sgxx.org\\\/es\\\/convenio-entre-a-sgxx-e-a-federacion-down-galicia-asinado-o-15-01-2014\\\/#breadcrumb\"},\"inLanguage\":\"es\",\"potentialAction\":[{\"@type\":\"ReadAction\",\"target\":[\"https:\\\/\\\/sgxx.org\\\/es\\\/convenio-entre-a-sgxx-e-a-federacion-down-galicia-asinado-o-15-01-2014\\\/\"]}]},{\"@type\":\"ImageObject\",\"inLanguage\":\"es\",\"@id\":\"https:\\\/\\\/sgxx.org\\\/es\\\/convenio-entre-a-sgxx-e-a-federacion-down-galicia-asinado-o-15-01-2014\\\/#primaryimage\",\"url\":\"https:\\\/\\\/sgxx.org\\\/images\\\/down.jpg\",\"contentUrl\":\"https:\\\/\\\/sgxx.org\\\/images\\\/down.jpg\"},{\"@type\":\"BreadcrumbList\",\"@id\":\"https:\\\/\\\/sgxx.org\\\/es\\\/convenio-entre-a-sgxx-e-a-federacion-down-galicia-asinado-o-15-01-2014\\\/#breadcrumb\",\"itemListElement\":[{\"@type\":\"ListItem\",\"position\":1,\"name\":\"Portada\",\"item\":\"https:\\\/\\\/sgxx.org\\\/es\\\/\"},{\"@type\":\"ListItem\",\"position\":2,\"name\":\"Convenio entre a SGXX e a Federaci\u00f3n DOWN GALICIA asinado o 15.01.2014\"}]},{\"@type\":\"WebSite\",\"@id\":\"https:\\\/\\\/sgxx.org\\\/#website\",\"url\":\"https:\\\/\\\/sgxx.org\\\/\",\"name\":\"SGXX\",\"description\":\"Web da Sociedade Galega de Xerontolox\u00eda e Xeriatr\u00eda\",\"publisher\":{\"@id\":\"https:\\\/\\\/sgxx.org\\\/#organization\"},\"potentialAction\":[{\"@type\":\"SearchAction\",\"target\":{\"@type\":\"EntryPoint\",\"urlTemplate\":\"https:\\\/\\\/sgxx.org\\\/?s={search_term_string}\"},\"query-input\":{\"@type\":\"PropertyValueSpecification\",\"valueRequired\":true,\"valueName\":\"search_term_string\"}}],\"inLanguage\":\"es\"},{\"@type\":\"Organization\",\"@id\":\"https:\\\/\\\/sgxx.org\\\/#organization\",\"name\":\"Sociedade Galega de Xerontolox\u00eda e Xeriatr\u00eda (SGXX)\",\"url\":\"https:\\\/\\\/sgxx.org\\\/\",\"logo\":{\"@type\":\"ImageObject\",\"inLanguage\":\"es\",\"@id\":\"https:\\\/\\\/sgxx.org\\\/#\\\/schema\\\/logo\\\/image\\\/\",\"url\":\"https:\\\/\\\/sgxx.org\\\/wp-content\\\/uploads\\\/2016\\\/09\\\/sgxx-logo-1.png\",\"contentUrl\":\"https:\\\/\\\/sgxx.org\\\/wp-content\\\/uploads\\\/2016\\\/09\\\/sgxx-logo-1.png\",\"width\":200,\"height\":200,\"caption\":\"Sociedade Galega de Xerontolox\u00eda e Xeriatr\u00eda (SGXX)\"},\"image\":{\"@id\":\"https:\\\/\\\/sgxx.org\\\/#\\\/schema\\\/logo\\\/image\\\/\"},\"sameAs\":[\"https:\\\/\\\/es-es.facebook.com\\\/pages\\\/Sociedade-Galega-Xerontoloxia-e-Xeriatria\\\/327400652646\"]},{\"@type\":\"Person\",\"@id\":\"https:\\\/\\\/sgxx.org\\\/#\\\/schema\\\/person\\\/6ff53a68441cbed603a543cc7deea4ad\",\"name\":\"Comunicaci\u00f3n SGXX\",\"image\":{\"@type\":\"ImageObject\",\"inLanguage\":\"es\",\"@id\":\"https:\\\/\\\/secure.gravatar.com\\\/avatar\\\/e3e5e584f6a676cdca6957289472b6c0e22e4ddba0fefe9522ac7c10765b2b7a?s=96&d=mm&r=g\",\"url\":\"https:\\\/\\\/secure.gravatar.com\\\/avatar\\\/e3e5e584f6a676cdca6957289472b6c0e22e4ddba0fefe9522ac7c10765b2b7a?s=96&d=mm&r=g\",\"contentUrl\":\"https:\\\/\\\/secure.gravatar.com\\\/avatar\\\/e3e5e584f6a676cdca6957289472b6c0e22e4ddba0fefe9522ac7c10765b2b7a?s=96&d=mm&r=g\",\"caption\":\"Comunicaci\u00f3n SGXX\"}}]}<\/script>\n<!-- \/ Yoast SEO plugin. -->","yoast_head_json":{"title":"Convenio entre a SGXX e a Federaci\u00f3n DOWN GALICIA asinado o 15.01.2014 - SGXX","robots":{"index":"index","follow":"follow","max-snippet":"max-snippet:-1","max-image-preview":"max-image-preview:large","max-video-preview":"max-video-preview:-1"},"canonical":"https:\/\/sgxx.org\/es\/convenio-entre-a-sgxx-e-a-federacion-down-galicia-asinado-o-15-01-2014\/","og_locale":"es_ES","og_type":"article","og_title":"Convenio entre a SGXX e a Federaci\u00f3n DOWN GALICIA asinado o 15.01.2014 - SGXX","og_description":"A Sociedade Galega de Xerontolox\u00eda e Xeriatr\u00eda e a Federaci\u00f3n Down Galicia, asinan un acordo marco de colaboraci\u00f3n para favorecer o envellecemento activo e saudable de persoas con S\u00edndrome de Down e\/ou discapacidade intelectual. O acordo, na s\u00faa cl\u00e1usula terceira recolle as propostas xerais de colaboraci\u00f3n, entre as que se atopan o intercambio de colaboraci\u00f3n [&hellip;]","og_url":"https:\/\/sgxx.org\/es\/convenio-entre-a-sgxx-e-a-federacion-down-galicia-asinado-o-15-01-2014\/","og_site_name":"SGXX","article_publisher":"https:\/\/es-es.facebook.com\/pages\/Sociedade-Galega-Xerontoloxia-e-Xeriatria\/327400652646","article_published_time":"2014-01-16T09:05:04+00:00","article_modified_time":"2022-11-08T17:50:07+00:00","og_image":[{"url":"https:\/\/sgxx.org\/images\/down.jpg","type":"","width":"","height":""}],"author":"Comunicaci\u00f3n SGXX","twitter_card":"summary_large_image","twitter_misc":{"Escrito por":"Comunicaci\u00f3n SGXX","Tiempo de lectura":"1 minuto"},"schema":{"@context":"https:\/\/schema.org","@graph":[{"@type":"Article","@id":"https:\/\/sgxx.org\/es\/convenio-entre-a-sgxx-e-a-federacion-down-galicia-asinado-o-15-01-2014\/#article","isPartOf":{"@id":"https:\/\/sgxx.org\/es\/convenio-entre-a-sgxx-e-a-federacion-down-galicia-asinado-o-15-01-2014\/"},"author":{"name":"Comunicaci\u00f3n SGXX","@id":"https:\/\/sgxx.org\/#\/schema\/person\/6ff53a68441cbed603a543cc7deea4ad"},"headline":"Convenio entre a SGXX e a Federaci\u00f3n DOWN GALICIA asinado o 15.01.2014","datePublished":"2014-01-16T09:05:04+00:00","dateModified":"2022-11-08T17:50:07+00:00","mainEntityOfPage":{"@id":"https:\/\/sgxx.org\/es\/convenio-entre-a-sgxx-e-a-federacion-down-galicia-asinado-o-15-01-2014\/"},"wordCount":180,"publisher":{"@id":"https:\/\/sgxx.org\/#organization"},"image":{"@id":"https:\/\/sgxx.org\/es\/convenio-entre-a-sgxx-e-a-federacion-down-galicia-asinado-o-15-01-2014\/#primaryimage"},"thumbnailUrl":"https:\/\/sgxx.org\/images\/down.jpg","articleSection":["Uncategorized @gl"],"inLanguage":"es"},{"@type":"WebPage","@id":"https:\/\/sgxx.org\/es\/convenio-entre-a-sgxx-e-a-federacion-down-galicia-asinado-o-15-01-2014\/","url":"https:\/\/sgxx.org\/es\/convenio-entre-a-sgxx-e-a-federacion-down-galicia-asinado-o-15-01-2014\/","name":"Convenio entre a SGXX e a Federaci\u00f3n DOWN GALICIA asinado o 15.01.2014 - SGXX","isPartOf":{"@id":"https:\/\/sgxx.org\/#website"},"primaryImageOfPage":{"@id":"https:\/\/sgxx.org\/es\/convenio-entre-a-sgxx-e-a-federacion-down-galicia-asinado-o-15-01-2014\/#primaryimage"},"image":{"@id":"https:\/\/sgxx.org\/es\/convenio-entre-a-sgxx-e-a-federacion-down-galicia-asinado-o-15-01-2014\/#primaryimage"},"thumbnailUrl":"https:\/\/sgxx.org\/images\/down.jpg","datePublished":"2014-01-16T09:05:04+00:00","dateModified":"2022-11-08T17:50:07+00:00","breadcrumb":{"@id":"https:\/\/sgxx.org\/es\/convenio-entre-a-sgxx-e-a-federacion-down-galicia-asinado-o-15-01-2014\/#breadcrumb"},"inLanguage":"es","potentialAction":[{"@type":"ReadAction","target":["https:\/\/sgxx.org\/es\/convenio-entre-a-sgxx-e-a-federacion-down-galicia-asinado-o-15-01-2014\/"]}]},{"@type":"ImageObject","inLanguage":"es","@id":"https:\/\/sgxx.org\/es\/convenio-entre-a-sgxx-e-a-federacion-down-galicia-asinado-o-15-01-2014\/#primaryimage","url":"https:\/\/sgxx.org\/images\/down.jpg","contentUrl":"https:\/\/sgxx.org\/images\/down.jpg"},{"@type":"BreadcrumbList","@id":"https:\/\/sgxx.org\/es\/convenio-entre-a-sgxx-e-a-federacion-down-galicia-asinado-o-15-01-2014\/#breadcrumb","itemListElement":[{"@type":"ListItem","position":1,"name":"Portada","item":"https:\/\/sgxx.org\/es\/"},{"@type":"ListItem","position":2,"name":"Convenio entre a SGXX e a Federaci\u00f3n DOWN GALICIA asinado o 15.01.2014"}]},{"@type":"WebSite","@id":"https:\/\/sgxx.org\/#website","url":"https:\/\/sgxx.org\/","name":"SGXX","description":"Web da Sociedade Galega de Xerontolox\u00eda e Xeriatr\u00eda","publisher":{"@id":"https:\/\/sgxx.org\/#organization"},"potentialAction":[{"@type":"SearchAction","target":{"@type":"EntryPoint","urlTemplate":"https:\/\/sgxx.org\/?s={search_term_string}"},"query-input":{"@type":"PropertyValueSpecification","valueRequired":true,"valueName":"search_term_string"}}],"inLanguage":"es"},{"@type":"Organization","@id":"https:\/\/sgxx.org\/#organization","name":"Sociedade Galega de Xerontolox\u00eda e Xeriatr\u00eda (SGXX)","url":"https:\/\/sgxx.org\/","logo":{"@type":"ImageObject","inLanguage":"es","@id":"https:\/\/sgxx.org\/#\/schema\/logo\/image\/","url":"https:\/\/sgxx.org\/wp-content\/uploads\/2016\/09\/sgxx-logo-1.png","contentUrl":"https:\/\/sgxx.org\/wp-content\/uploads\/2016\/09\/sgxx-logo-1.png","width":200,"height":200,"caption":"Sociedade Galega de Xerontolox\u00eda e Xeriatr\u00eda (SGXX)"},"image":{"@id":"https:\/\/sgxx.org\/#\/schema\/logo\/image\/"},"sameAs":["https:\/\/es-es.facebook.com\/pages\/Sociedade-Galega-Xerontoloxia-e-Xeriatria\/327400652646"]},{"@type":"Person","@id":"https:\/\/sgxx.org\/#\/schema\/person\/6ff53a68441cbed603a543cc7deea4ad","name":"Comunicaci\u00f3n SGXX","image":{"@type":"ImageObject","inLanguage":"es","@id":"https:\/\/secure.gravatar.com\/avatar\/e3e5e584f6a676cdca6957289472b6c0e22e4ddba0fefe9522ac7c10765b2b7a?s=96&d=mm&r=g","url":"https:\/\/secure.gravatar.com\/avatar\/e3e5e584f6a676cdca6957289472b6c0e22e4ddba0fefe9522ac7c10765b2b7a?s=96&d=mm&r=g","contentUrl":"https:\/\/secure.gravatar.com\/avatar\/e3e5e584f6a676cdca6957289472b6c0e22e4ddba0fefe9522ac7c10765b2b7a?s=96&d=mm&r=g","caption":"Comunicaci\u00f3n SGXX"}}]}},"_links":{"self":[{"href":"https:\/\/sgxx.org\/es\/wp-json\/wp\/v2\/posts\/483","targetHints":{"allow":["GET"]}}],"collection":[{"href":"https:\/\/sgxx.org\/es\/wp-json\/wp\/v2\/posts"}],"about":[{"href":"https:\/\/sgxx.org\/es\/wp-json\/wp\/v2\/types\/post"}],"author":[{"embeddable":true,"href":"https:\/\/sgxx.org\/es\/wp-json\/wp\/v2\/users\/3"}],"replies":[{"embeddable":true,"href":"https:\/\/sgxx.org\/es\/wp-json\/wp\/v2\/comments?post=483"}],"version-history":[{"count":2,"href":"https:\/\/sgxx.org\/es\/wp-json\/wp\/v2\/posts\/483\/revisions"}],"predecessor-version":[{"id":7171,"href":"https:\/\/sgxx.org\/es\/wp-json\/wp\/v2\/posts\/483\/revisions\/7171"}],"wp:attachment":[{"href":"https:\/\/sgxx.org\/es\/wp-json\/wp\/v2\/media?parent=483"}],"wp:term":[{"taxonomy":"category","embeddable":true,"href":"https:\/\/sgxx.org\/es\/wp-json\/wp\/v2\/categories?post=483"},{"taxonomy":"post_tag","embeddable":true,"href":"https:\/\/sgxx.org\/es\/wp-json\/wp\/v2\/tags?post=483"}],"curies":[{"name":"wp","href":"https:\/\/api.w.org\/{rel}","templated":true}]}}