{"id":5268,"date":"2020-05-07T12:16:35","date_gmt":"2020-05-07T10:16:35","guid":{"rendered":"https:\/\/sgxx.org\/?p=5268"},"modified":"2022-11-08T18:49:57","modified_gmt":"2022-11-08T17:49:57","slug":"el-decalogo-de-los-servicios-sociales-para-parar-la-crisis-social","status":"publish","type":"post","link":"https:\/\/sgxx.org\/es\/el-decalogo-de-los-servicios-sociales-para-parar-la-crisis-social\/","title":{"rendered":"El dec\u00e1logo de los servicios sociales para parar la crisis social"},"content":{"rendered":"<p>Hay que reconfigurar los servicios sociales como servicios esenciales. Para evitar el sufrimiento de las personas vulnerables es preciso prestaciones y servicios por derecho, que eviten riesgos sociales y la quiebra de la cohesi\u00f3n social.<\/p>\n<h3>O dec\u00e1logo dos servizos sociais para parar a crise social<\/h3>\n<p>Hai que reconfigurar os servizos sociais como servizos esenciais. Para evitar o sufrimento das persoas vulnerables \u00e9 preciso prestaci\u00f3ns e servizos por dereito, que eviten riscos sociais e a quebra da cohesi\u00f3n social.<\/p>\n<h4><a href=\"https:\/\/sgxx.org\/docs\/Decalogo-servicios-sociales-parar-crisis-social.pdf\" target=\"_blank\" rel=\"noopener noreferrer\">Descarga aqu\u00ed<\/a><\/h4>\n","protected":false},"excerpt":{"rendered":"<p>Hay que reconfigurar los servicios sociales como servicios esenciales. Para evitar el sufrimiento de las personas vulnerables es preciso prestaciones y servicios por derecho, que eviten riesgos sociales y la quiebra de la cohesi\u00f3n social. O dec\u00e1logo dos servizos sociais para parar a crise social Hai que reconfigurar os servizos sociais como servizos esenciais. Para [&hellip;]<\/p>\n","protected":false},"author":3,"featured_media":5269,"comment_status":"open","ping_status":"open","sticky":false,"template":"","format":"standard","meta":{"footnotes":""},"categories":[6,335],"tags":[],"class_list":["post-5268","post","type-post","status-publish","format-standard","has-post-thumbnail","hentry","category-actualidade","category-covid-19"],"yoast_head":"<!-- This site is optimized with the Yoast SEO plugin v27.4 - https:\/\/yoast.com\/product\/yoast-seo-wordpress\/ -->\n<title>El dec\u00e1logo de los servicios sociales para parar la crisis social - SGXX<\/title>\n<meta name=\"robots\" content=\"index, follow, max-snippet:-1, max-image-preview:large, max-video-preview:-1\" \/>\n<link rel=\"canonical\" href=\"https:\/\/sgxx.org\/el-decalogo-de-los-servicios-sociales-para-parar-la-crisis-social\/\" \/>\n<meta property=\"og:locale\" content=\"es_ES\" \/>\n<meta property=\"og:type\" content=\"article\" \/>\n<meta property=\"og:title\" content=\"El dec\u00e1logo de los servicios sociales para parar la crisis social - SGXX\" \/>\n<meta property=\"og:description\" content=\"Hay que reconfigurar los servicios sociales como servicios esenciales. Para evitar el sufrimiento de las personas vulnerables es preciso prestaciones y servicios por derecho, que eviten riesgos sociales y la quiebra de la cohesi\u00f3n social. O dec\u00e1logo dos servizos sociais para parar a crise social Hai que reconfigurar os servizos sociais como servizos esenciais. Para [&hellip;]\" \/>\n<meta property=\"og:url\" content=\"https:\/\/sgxx.org\/el-decalogo-de-los-servicios-sociales-para-parar-la-crisis-social\/\" \/>\n<meta property=\"og:site_name\" content=\"SGXX\" \/>\n<meta property=\"article:publisher\" content=\"https:\/\/es-es.facebook.com\/pages\/Sociedade-Galega-Xerontoloxia-e-Xeriatria\/327400652646\" \/>\n<meta property=\"article:published_time\" content=\"2020-05-07T10:16:35+00:00\" \/>\n<meta property=\"article:modified_time\" content=\"2022-11-08T17:49:57+00:00\" \/>\n<meta property=\"og:image\" content=\"https:\/\/sgxx.org\/wp-content\/uploads\/2020\/05\/sgxx-decalogo-servicios-sociales.jpg\" \/>\n\t<meta property=\"og:image:width\" content=\"600\" \/>\n\t<meta property=\"og:image:height\" content=\"400\" \/>\n\t<meta property=\"og:image:type\" content=\"image\/jpeg\" \/>\n<meta name=\"author\" content=\"Comunicaci\u00f3n SGXX\" \/>\n<meta name=\"twitter:card\" content=\"summary_large_image\" \/>\n<meta name=\"twitter:label1\" content=\"Escrito por\" \/>\n\t<meta name=\"twitter:data1\" content=\"Comunicaci\u00f3n SGXX\" \/>\n<script type=\"application\/ld+json\" class=\"yoast-schema-graph\">{\"@context\":\"https:\\\/\\\/schema.org\",\"@graph\":[{\"@type\":\"Article\",\"@id\":\"https:\\\/\\\/sgxx.org\\\/el-decalogo-de-los-servicios-sociales-para-parar-la-crisis-social\\\/#article\",\"isPartOf\":{\"@id\":\"https:\\\/\\\/sgxx.org\\\/el-decalogo-de-los-servicios-sociales-para-parar-la-crisis-social\\\/\"},\"author\":{\"name\":\"Comunicaci\u00f3n SGXX\",\"@id\":\"https:\\\/\\\/sgxx.org\\\/#\\\/schema\\\/person\\\/6ff53a68441cbed603a543cc7deea4ad\"},\"headline\":\"El dec\u00e1logo de los servicios sociales para parar la crisis social\",\"datePublished\":\"2020-05-07T10:16:35+00:00\",\"dateModified\":\"2022-11-08T17:49:57+00:00\",\"mainEntityOfPage\":{\"@id\":\"https:\\\/\\\/sgxx.org\\\/el-decalogo-de-los-servicios-sociales-para-parar-la-crisis-social\\\/\"},\"wordCount\":95,\"commentCount\":0,\"publisher\":{\"@id\":\"https:\\\/\\\/sgxx.org\\\/#organization\"},\"image\":{\"@id\":\"https:\\\/\\\/sgxx.org\\\/el-decalogo-de-los-servicios-sociales-para-parar-la-crisis-social\\\/#primaryimage\"},\"thumbnailUrl\":\"https:\\\/\\\/sgxx.org\\\/wp-content\\\/uploads\\\/2020\\\/05\\\/sgxx-decalogo-servicios-sociales.jpg\",\"articleSection\":[\"Actualidade\",\"COVID-19\"],\"inLanguage\":\"es\",\"potentialAction\":[{\"@type\":\"CommentAction\",\"name\":\"Comment\",\"target\":[\"https:\\\/\\\/sgxx.org\\\/el-decalogo-de-los-servicios-sociales-para-parar-la-crisis-social\\\/#respond\"]}]},{\"@type\":\"WebPage\",\"@id\":\"https:\\\/\\\/sgxx.org\\\/el-decalogo-de-los-servicios-sociales-para-parar-la-crisis-social\\\/\",\"url\":\"https:\\\/\\\/sgxx.org\\\/el-decalogo-de-los-servicios-sociales-para-parar-la-crisis-social\\\/\",\"name\":\"El dec\u00e1logo de los servicios sociales para parar la crisis social - SGXX\",\"isPartOf\":{\"@id\":\"https:\\\/\\\/sgxx.org\\\/#website\"},\"primaryImageOfPage\":{\"@id\":\"https:\\\/\\\/sgxx.org\\\/el-decalogo-de-los-servicios-sociales-para-parar-la-crisis-social\\\/#primaryimage\"},\"image\":{\"@id\":\"https:\\\/\\\/sgxx.org\\\/el-decalogo-de-los-servicios-sociales-para-parar-la-crisis-social\\\/#primaryimage\"},\"thumbnailUrl\":\"https:\\\/\\\/sgxx.org\\\/wp-content\\\/uploads\\\/2020\\\/05\\\/sgxx-decalogo-servicios-sociales.jpg\",\"datePublished\":\"2020-05-07T10:16:35+00:00\",\"dateModified\":\"2022-11-08T17:49:57+00:00\",\"breadcrumb\":{\"@id\":\"https:\\\/\\\/sgxx.org\\\/el-decalogo-de-los-servicios-sociales-para-parar-la-crisis-social\\\/#breadcrumb\"},\"inLanguage\":\"es\",\"potentialAction\":[{\"@type\":\"ReadAction\",\"target\":[\"https:\\\/\\\/sgxx.org\\\/el-decalogo-de-los-servicios-sociales-para-parar-la-crisis-social\\\/\"]}]},{\"@type\":\"ImageObject\",\"inLanguage\":\"es\",\"@id\":\"https:\\\/\\\/sgxx.org\\\/el-decalogo-de-los-servicios-sociales-para-parar-la-crisis-social\\\/#primaryimage\",\"url\":\"https:\\\/\\\/sgxx.org\\\/wp-content\\\/uploads\\\/2020\\\/05\\\/sgxx-decalogo-servicios-sociales.jpg\",\"contentUrl\":\"https:\\\/\\\/sgxx.org\\\/wp-content\\\/uploads\\\/2020\\\/05\\\/sgxx-decalogo-servicios-sociales.jpg\",\"width\":600,\"height\":400},{\"@type\":\"BreadcrumbList\",\"@id\":\"https:\\\/\\\/sgxx.org\\\/el-decalogo-de-los-servicios-sociales-para-parar-la-crisis-social\\\/#breadcrumb\",\"itemListElement\":[{\"@type\":\"ListItem\",\"position\":1,\"name\":\"Portada\",\"item\":\"https:\\\/\\\/sgxx.org\\\/es\\\/\"},{\"@type\":\"ListItem\",\"position\":2,\"name\":\"El dec\u00e1logo de los servicios sociales para parar la crisis social\"}]},{\"@type\":\"WebSite\",\"@id\":\"https:\\\/\\\/sgxx.org\\\/#website\",\"url\":\"https:\\\/\\\/sgxx.org\\\/\",\"name\":\"SGXX\",\"description\":\"Web da Sociedade Galega de Xerontolox\u00eda e Xeriatr\u00eda\",\"publisher\":{\"@id\":\"https:\\\/\\\/sgxx.org\\\/#organization\"},\"potentialAction\":[{\"@type\":\"SearchAction\",\"target\":{\"@type\":\"EntryPoint\",\"urlTemplate\":\"https:\\\/\\\/sgxx.org\\\/?s={search_term_string}\"},\"query-input\":{\"@type\":\"PropertyValueSpecification\",\"valueRequired\":true,\"valueName\":\"search_term_string\"}}],\"inLanguage\":\"es\"},{\"@type\":\"Organization\",\"@id\":\"https:\\\/\\\/sgxx.org\\\/#organization\",\"name\":\"Sociedade Galega de Xerontolox\u00eda e Xeriatr\u00eda (SGXX)\",\"url\":\"https:\\\/\\\/sgxx.org\\\/\",\"logo\":{\"@type\":\"ImageObject\",\"inLanguage\":\"es\",\"@id\":\"https:\\\/\\\/sgxx.org\\\/#\\\/schema\\\/logo\\\/image\\\/\",\"url\":\"https:\\\/\\\/sgxx.org\\\/wp-content\\\/uploads\\\/2016\\\/09\\\/sgxx-logo-1.png\",\"contentUrl\":\"https:\\\/\\\/sgxx.org\\\/wp-content\\\/uploads\\\/2016\\\/09\\\/sgxx-logo-1.png\",\"width\":200,\"height\":200,\"caption\":\"Sociedade Galega de Xerontolox\u00eda e Xeriatr\u00eda (SGXX)\"},\"image\":{\"@id\":\"https:\\\/\\\/sgxx.org\\\/#\\\/schema\\\/logo\\\/image\\\/\"},\"sameAs\":[\"https:\\\/\\\/es-es.facebook.com\\\/pages\\\/Sociedade-Galega-Xerontoloxia-e-Xeriatria\\\/327400652646\"]},{\"@type\":\"Person\",\"@id\":\"https:\\\/\\\/sgxx.org\\\/#\\\/schema\\\/person\\\/6ff53a68441cbed603a543cc7deea4ad\",\"name\":\"Comunicaci\u00f3n SGXX\",\"image\":{\"@type\":\"ImageObject\",\"inLanguage\":\"es\",\"@id\":\"https:\\\/\\\/secure.gravatar.com\\\/avatar\\\/e3e5e584f6a676cdca6957289472b6c0e22e4ddba0fefe9522ac7c10765b2b7a?s=96&d=mm&r=g\",\"url\":\"https:\\\/\\\/secure.gravatar.com\\\/avatar\\\/e3e5e584f6a676cdca6957289472b6c0e22e4ddba0fefe9522ac7c10765b2b7a?s=96&d=mm&r=g\",\"contentUrl\":\"https:\\\/\\\/secure.gravatar.com\\\/avatar\\\/e3e5e584f6a676cdca6957289472b6c0e22e4ddba0fefe9522ac7c10765b2b7a?s=96&d=mm&r=g\",\"caption\":\"Comunicaci\u00f3n SGXX\"}}]}<\/script>\n<!-- \/ Yoast SEO plugin. -->","yoast_head_json":{"title":"El dec\u00e1logo de los servicios sociales para parar la crisis social - SGXX","robots":{"index":"index","follow":"follow","max-snippet":"max-snippet:-1","max-image-preview":"max-image-preview:large","max-video-preview":"max-video-preview:-1"},"canonical":"https:\/\/sgxx.org\/el-decalogo-de-los-servicios-sociales-para-parar-la-crisis-social\/","og_locale":"es_ES","og_type":"article","og_title":"El dec\u00e1logo de los servicios sociales para parar la crisis social - SGXX","og_description":"Hay que reconfigurar los servicios sociales como servicios esenciales. Para evitar el sufrimiento de las personas vulnerables es preciso prestaciones y servicios por derecho, que eviten riesgos sociales y la quiebra de la cohesi\u00f3n social. O dec\u00e1logo dos servizos sociais para parar a crise social Hai que reconfigurar os servizos sociais como servizos esenciais. Para [&hellip;]","og_url":"https:\/\/sgxx.org\/el-decalogo-de-los-servicios-sociales-para-parar-la-crisis-social\/","og_site_name":"SGXX","article_publisher":"https:\/\/es-es.facebook.com\/pages\/Sociedade-Galega-Xerontoloxia-e-Xeriatria\/327400652646","article_published_time":"2020-05-07T10:16:35+00:00","article_modified_time":"2022-11-08T17:49:57+00:00","og_image":[{"width":600,"height":400,"url":"https:\/\/sgxx.org\/wp-content\/uploads\/2020\/05\/sgxx-decalogo-servicios-sociales.jpg","type":"image\/jpeg"}],"author":"Comunicaci\u00f3n SGXX","twitter_card":"summary_large_image","twitter_misc":{"Escrito por":"Comunicaci\u00f3n SGXX"},"schema":{"@context":"https:\/\/schema.org","@graph":[{"@type":"Article","@id":"https:\/\/sgxx.org\/el-decalogo-de-los-servicios-sociales-para-parar-la-crisis-social\/#article","isPartOf":{"@id":"https:\/\/sgxx.org\/el-decalogo-de-los-servicios-sociales-para-parar-la-crisis-social\/"},"author":{"name":"Comunicaci\u00f3n SGXX","@id":"https:\/\/sgxx.org\/#\/schema\/person\/6ff53a68441cbed603a543cc7deea4ad"},"headline":"El dec\u00e1logo de los servicios sociales para parar la crisis social","datePublished":"2020-05-07T10:16:35+00:00","dateModified":"2022-11-08T17:49:57+00:00","mainEntityOfPage":{"@id":"https:\/\/sgxx.org\/el-decalogo-de-los-servicios-sociales-para-parar-la-crisis-social\/"},"wordCount":95,"commentCount":0,"publisher":{"@id":"https:\/\/sgxx.org\/#organization"},"image":{"@id":"https:\/\/sgxx.org\/el-decalogo-de-los-servicios-sociales-para-parar-la-crisis-social\/#primaryimage"},"thumbnailUrl":"https:\/\/sgxx.org\/wp-content\/uploads\/2020\/05\/sgxx-decalogo-servicios-sociales.jpg","articleSection":["Actualidade","COVID-19"],"inLanguage":"es","potentialAction":[{"@type":"CommentAction","name":"Comment","target":["https:\/\/sgxx.org\/el-decalogo-de-los-servicios-sociales-para-parar-la-crisis-social\/#respond"]}]},{"@type":"WebPage","@id":"https:\/\/sgxx.org\/el-decalogo-de-los-servicios-sociales-para-parar-la-crisis-social\/","url":"https:\/\/sgxx.org\/el-decalogo-de-los-servicios-sociales-para-parar-la-crisis-social\/","name":"El dec\u00e1logo de los servicios sociales para parar la crisis social - SGXX","isPartOf":{"@id":"https:\/\/sgxx.org\/#website"},"primaryImageOfPage":{"@id":"https:\/\/sgxx.org\/el-decalogo-de-los-servicios-sociales-para-parar-la-crisis-social\/#primaryimage"},"image":{"@id":"https:\/\/sgxx.org\/el-decalogo-de-los-servicios-sociales-para-parar-la-crisis-social\/#primaryimage"},"thumbnailUrl":"https:\/\/sgxx.org\/wp-content\/uploads\/2020\/05\/sgxx-decalogo-servicios-sociales.jpg","datePublished":"2020-05-07T10:16:35+00:00","dateModified":"2022-11-08T17:49:57+00:00","breadcrumb":{"@id":"https:\/\/sgxx.org\/el-decalogo-de-los-servicios-sociales-para-parar-la-crisis-social\/#breadcrumb"},"inLanguage":"es","potentialAction":[{"@type":"ReadAction","target":["https:\/\/sgxx.org\/el-decalogo-de-los-servicios-sociales-para-parar-la-crisis-social\/"]}]},{"@type":"ImageObject","inLanguage":"es","@id":"https:\/\/sgxx.org\/el-decalogo-de-los-servicios-sociales-para-parar-la-crisis-social\/#primaryimage","url":"https:\/\/sgxx.org\/wp-content\/uploads\/2020\/05\/sgxx-decalogo-servicios-sociales.jpg","contentUrl":"https:\/\/sgxx.org\/wp-content\/uploads\/2020\/05\/sgxx-decalogo-servicios-sociales.jpg","width":600,"height":400},{"@type":"BreadcrumbList","@id":"https:\/\/sgxx.org\/el-decalogo-de-los-servicios-sociales-para-parar-la-crisis-social\/#breadcrumb","itemListElement":[{"@type":"ListItem","position":1,"name":"Portada","item":"https:\/\/sgxx.org\/es\/"},{"@type":"ListItem","position":2,"name":"El dec\u00e1logo de los servicios sociales para parar la crisis social"}]},{"@type":"WebSite","@id":"https:\/\/sgxx.org\/#website","url":"https:\/\/sgxx.org\/","name":"SGXX","description":"Web da Sociedade Galega de Xerontolox\u00eda e Xeriatr\u00eda","publisher":{"@id":"https:\/\/sgxx.org\/#organization"},"potentialAction":[{"@type":"SearchAction","target":{"@type":"EntryPoint","urlTemplate":"https:\/\/sgxx.org\/?s={search_term_string}"},"query-input":{"@type":"PropertyValueSpecification","valueRequired":true,"valueName":"search_term_string"}}],"inLanguage":"es"},{"@type":"Organization","@id":"https:\/\/sgxx.org\/#organization","name":"Sociedade Galega de Xerontolox\u00eda e Xeriatr\u00eda (SGXX)","url":"https:\/\/sgxx.org\/","logo":{"@type":"ImageObject","inLanguage":"es","@id":"https:\/\/sgxx.org\/#\/schema\/logo\/image\/","url":"https:\/\/sgxx.org\/wp-content\/uploads\/2016\/09\/sgxx-logo-1.png","contentUrl":"https:\/\/sgxx.org\/wp-content\/uploads\/2016\/09\/sgxx-logo-1.png","width":200,"height":200,"caption":"Sociedade Galega de Xerontolox\u00eda e Xeriatr\u00eda (SGXX)"},"image":{"@id":"https:\/\/sgxx.org\/#\/schema\/logo\/image\/"},"sameAs":["https:\/\/es-es.facebook.com\/pages\/Sociedade-Galega-Xerontoloxia-e-Xeriatria\/327400652646"]},{"@type":"Person","@id":"https:\/\/sgxx.org\/#\/schema\/person\/6ff53a68441cbed603a543cc7deea4ad","name":"Comunicaci\u00f3n SGXX","image":{"@type":"ImageObject","inLanguage":"es","@id":"https:\/\/secure.gravatar.com\/avatar\/e3e5e584f6a676cdca6957289472b6c0e22e4ddba0fefe9522ac7c10765b2b7a?s=96&d=mm&r=g","url":"https:\/\/secure.gravatar.com\/avatar\/e3e5e584f6a676cdca6957289472b6c0e22e4ddba0fefe9522ac7c10765b2b7a?s=96&d=mm&r=g","contentUrl":"https:\/\/secure.gravatar.com\/avatar\/e3e5e584f6a676cdca6957289472b6c0e22e4ddba0fefe9522ac7c10765b2b7a?s=96&d=mm&r=g","caption":"Comunicaci\u00f3n SGXX"}}]}},"_links":{"self":[{"href":"https:\/\/sgxx.org\/es\/wp-json\/wp\/v2\/posts\/5268","targetHints":{"allow":["GET"]}}],"collection":[{"href":"https:\/\/sgxx.org\/es\/wp-json\/wp\/v2\/posts"}],"about":[{"href":"https:\/\/sgxx.org\/es\/wp-json\/wp\/v2\/types\/post"}],"author":[{"embeddable":true,"href":"https:\/\/sgxx.org\/es\/wp-json\/wp\/v2\/users\/3"}],"replies":[{"embeddable":true,"href":"https:\/\/sgxx.org\/es\/wp-json\/wp\/v2\/comments?post=5268"}],"version-history":[{"count":2,"href":"https:\/\/sgxx.org\/es\/wp-json\/wp\/v2\/posts\/5268\/revisions"}],"predecessor-version":[{"id":5272,"href":"https:\/\/sgxx.org\/es\/wp-json\/wp\/v2\/posts\/5268\/revisions\/5272"}],"wp:featuredmedia":[{"embeddable":true,"href":"https:\/\/sgxx.org\/es\/wp-json\/wp\/v2\/media\/5269"}],"wp:attachment":[{"href":"https:\/\/sgxx.org\/es\/wp-json\/wp\/v2\/media?parent=5268"}],"wp:term":[{"taxonomy":"category","embeddable":true,"href":"https:\/\/sgxx.org\/es\/wp-json\/wp\/v2\/categories?post=5268"},{"taxonomy":"post_tag","embeddable":true,"href":"https:\/\/sgxx.org\/es\/wp-json\/wp\/v2\/tags?post=5268"}],"curies":[{"name":"wp","href":"https:\/\/api.w.org\/{rel}","templated":true}]}}