{"id":5413,"date":"2020-10-01T11:39:23","date_gmt":"2020-10-01T09:39:23","guid":{"rendered":"https:\/\/sgxx.org\/?p=5413"},"modified":"2022-11-08T18:49:57","modified_gmt":"2022-11-08T17:49:57","slug":"reflexiones-en-un-dia-internacional-de-la-personas-mayores-diferente","status":"publish","type":"post","link":"https:\/\/sgxx.org\/es\/reflexiones-en-un-dia-internacional-de-la-personas-mayores-diferente\/","title":{"rendered":"Reflexiones en un D\u00eda Internacional de la Personas Mayores diferente"},"content":{"rendered":"<p><img decoding=\"async\" class=\"wp-image-5418 alignnone\" src=\"https:\/\/sgxx.org\/wp-content\/uploads\/2020\/10\/sgxx-articulo-1-octubre-01-1024x819.jpg\" alt=\"\" width=\"600\" height=\"480\" srcset=\"https:\/\/sgxx.org\/wp-content\/uploads\/2020\/10\/sgxx-articulo-1-octubre-01-1024x819.jpg 1024w, https:\/\/sgxx.org\/wp-content\/uploads\/2020\/10\/sgxx-articulo-1-octubre-01-300x240.jpg 300w, https:\/\/sgxx.org\/wp-content\/uploads\/2020\/10\/sgxx-articulo-1-octubre-01-768x614.jpg 768w, https:\/\/sgxx.org\/wp-content\/uploads\/2020\/10\/sgxx-articulo-1-octubre-01.jpg 1200w\" sizes=\"(max-width: 600px) 100vw, 600px\" \/><\/p>\n<p>Hoy es el D\u00eda Internacional de la Personas Mayores, una fecha que este a\u00f1o adquiere una nueva dimensi\u00f3n.<\/p>\n<p>Siempre aprovechamos el 1 de octubre resaltar la importancia de los Mayores, el valor que aportan a la sociedad, la importancia que tienen en lo que hoy somos, en lo que hemos conseguido. Son nuestro pasado y quienes construyeron nuestro futuro, les debemos mucho, eso es indiscutible.<\/p>\n<p>Sin embargo, este a\u00f1o tenemos que hablar de las personas Mayores desde la tristeza, la angustia y la responsabilidad por no saber si hemos hecho todo lo que tendr\u00edamos que hacer.<\/p>\n<p>Este a\u00f1o, la enfermedad que causa el virus Covid-19 ha atacado a las personas de m\u00e1s edad o m\u00e1s d\u00e9biles f\u00edsicamente con virulencia, les ha pasado por encima como una apisonadora. Dejando miles de bajas, priv\u00e1ndoles de una mano amiga que les sujete la suya, alej\u00e1ndoles de sus seres queridos, encerr\u00e1ndoles en una habitaci\u00f3n, priv\u00e1ndoles de una cama en el hospital porque hac\u00edan falta para gente m\u00e1s joven, neg\u00e1ndoles respiradores\u2026 La pandemia les quit\u00f3 mucho y les priv\u00f3 de casi todo, d\u00e1ndoles s\u00f3lo una cosa: soledad.<\/p>\n<p>Y el resto de los ciudadanos, quienes formamos parte de esta compleja sociedad, asistimos a este espect\u00e1culo grotesco como quien ve los toros desde la barrera, con angustia, corazones encogidos, abrumados, eso s\u00ed, pero detr\u00e1s de nuestra barrera.<\/p>\n<p>Esta era una oportunidad para poner en marcha pol\u00edticas sanitarias adecuadas que dieran respuesta a una crisis sin precedentes, que nos pill\u00f3 desprevenidos y sin demasiados recursos para abordarla. Sin embargo, aunque pudimos hacer las cosas bien, proteger a los colectivos m\u00e1s d\u00e9biles y cerrar filas en torno a quienes m\u00e1s sufr\u00edan los efectos del virus, evitando que se cebase con ellos, no lo hicimos, dejamos que se los llevase sin m\u00e1s.<\/p>\n<p>La etiqueta de \u201cedad avanzada con patolog\u00edas previas\u201d que acompa\u00f1aba muchas veces a los casos de personas que fallec\u00edan por Covid se convirti\u00f3 en una forma de justificar miles de muertes, de explicar unos hechos ins\u00f3litos que suced\u00edan en nuestro entorno. Una cruel justificaci\u00f3n en la que no debimos caer.<\/p>\n<p>Hoy, 1 de octubre, tenemos que recordad a quienes quedaron a la deriva en esta pandemia, mientras nosotros mir\u00e1bamos en otra direcci\u00f3n, para no sufrir demasiado con lo que suced\u00eda.<\/p>\n<p>Todas las vidas son importantes, independientemente de su edad y de su estado f\u00edsico o mental. Una persona Mayor, s\u00f3lo por todo lo que nos ha aportado, por todo lo que ha significado en nuestra sociedad merece un gran respeto y admiraci\u00f3n; merece todo nuestro cari\u00f1o, nuestra ayuda y nuestra comprensi\u00f3n; merece que pongamos en marcha toda la log\u00edstica necesaria para protegerla. Por eso, aunque hasta ahora hemos hecho lo contrario, hemos dado la batalla por perdida y hemos seguido con nuestras vidas, quiz\u00e1s a\u00fan estemos a tiempo de hacer lo correcto, de poner en marcha esas medidas, esas pol\u00edticas, esos protocolos que eviten nuevas angustiosas estad\u00edsticas de muertes sin sentido.<\/p>\n<p>Las personas Mayores merecen que hagamos mucho m\u00e1s, merecen que no les demos la espalda.<\/p>\n<p>A\u00fan podemos hacerlo, s\u00f3lo tenemos que pensar dos cosas. La primera, que las generaciones que nos precedieron abonaron el camino para llegar hasta aqu\u00ed y no fue una tarea f\u00e1cil. Y la segunda que todos, unos antes y otros despu\u00e9s, en alg\u00fan momento formaremos parte de ese colectivo y c\u00f3mo querremos que nos traten \u00bfcon ego\u00edsmo indiferente o con compromiso y decisi\u00f3n?<\/p>\n<p>&nbsp;<\/p>\n","protected":false},"excerpt":{"rendered":"<p>Hoy es el D\u00eda Internacional de la Personas Mayores, una fecha que este a\u00f1o adquiere una nueva dimensi\u00f3n. Siempre aprovechamos el 1 de octubre resaltar la importancia de los Mayores, el valor que aportan a la sociedad, la importancia que tienen en lo que hoy somos, en lo que hemos conseguido. Son nuestro pasado y [&hellip;]<\/p>\n","protected":false},"author":3,"featured_media":5415,"comment_status":"open","ping_status":"open","sticky":false,"template":"","format":"standard","meta":{"footnotes":""},"categories":[6],"tags":[],"class_list":["post-5413","post","type-post","status-publish","format-standard","has-post-thumbnail","hentry","category-actualidade"],"yoast_head":"<!-- This site is optimized with the Yoast SEO plugin v27.4 - https:\/\/yoast.com\/product\/yoast-seo-wordpress\/ -->\n<title>Reflexiones en un D\u00eda Internacional de la Personas Mayores diferente - SGXX<\/title>\n<meta name=\"description\" content=\"Recordamos la importancia de los Mayores, el valor que aportan a la sociedad, la importancia que tienen en lo que hoy somos, en lo que hemos conseguido.\" \/>\n<meta name=\"robots\" content=\"index, follow, max-snippet:-1, max-image-preview:large, max-video-preview:-1\" \/>\n<link rel=\"canonical\" href=\"https:\/\/sgxx.org\/reflexiones-en-un-dia-internacional-de-la-personas-mayores-diferente\/\" \/>\n<meta property=\"og:locale\" content=\"es_ES\" \/>\n<meta property=\"og:type\" content=\"article\" \/>\n<meta property=\"og:title\" content=\"Reflexiones en un D\u00eda Internacional de la Personas Mayores diferente - SGXX\" \/>\n<meta property=\"og:description\" content=\"Recordamos la importancia de los Mayores, el valor que aportan a la sociedad, la importancia que tienen en lo que hoy somos, en lo que hemos conseguido.\" \/>\n<meta property=\"og:url\" content=\"https:\/\/sgxx.org\/reflexiones-en-un-dia-internacional-de-la-personas-mayores-diferente\/\" \/>\n<meta property=\"og:site_name\" content=\"SGXX\" \/>\n<meta property=\"article:publisher\" content=\"https:\/\/es-es.facebook.com\/pages\/Sociedade-Galega-Xerontoloxia-e-Xeriatria\/327400652646\" \/>\n<meta property=\"article:published_time\" content=\"2020-10-01T09:39:23+00:00\" \/>\n<meta property=\"article:modified_time\" content=\"2022-11-08T17:49:57+00:00\" \/>\n<meta property=\"og:image\" content=\"https:\/\/sgxx.org\/wp-content\/uploads\/2020\/10\/sgxx-portada-articulo-1-octubre-01.jpg\" \/>\n\t<meta property=\"og:image:width\" content=\"600\" \/>\n\t<meta property=\"og:image:height\" content=\"400\" \/>\n\t<meta property=\"og:image:type\" content=\"image\/jpeg\" \/>\n<meta name=\"author\" content=\"Comunicaci\u00f3n SGXX\" \/>\n<meta name=\"twitter:card\" content=\"summary_large_image\" \/>\n<meta name=\"twitter:label1\" content=\"Escrito por\" \/>\n\t<meta name=\"twitter:data1\" content=\"Comunicaci\u00f3n SGXX\" \/>\n\t<meta name=\"twitter:label2\" content=\"Tiempo de lectura\" \/>\n\t<meta name=\"twitter:data2\" content=\"3 minutos\" \/>\n<script type=\"application\/ld+json\" class=\"yoast-schema-graph\">{\"@context\":\"https:\\\/\\\/schema.org\",\"@graph\":[{\"@type\":\"Article\",\"@id\":\"https:\\\/\\\/sgxx.org\\\/reflexiones-en-un-dia-internacional-de-la-personas-mayores-diferente\\\/#article\",\"isPartOf\":{\"@id\":\"https:\\\/\\\/sgxx.org\\\/reflexiones-en-un-dia-internacional-de-la-personas-mayores-diferente\\\/\"},\"author\":{\"name\":\"Comunicaci\u00f3n SGXX\",\"@id\":\"https:\\\/\\\/sgxx.org\\\/#\\\/schema\\\/person\\\/6ff53a68441cbed603a543cc7deea4ad\"},\"headline\":\"Reflexiones en un D\u00eda Internacional de la Personas Mayores diferente\",\"datePublished\":\"2020-10-01T09:39:23+00:00\",\"dateModified\":\"2022-11-08T17:49:57+00:00\",\"mainEntityOfPage\":{\"@id\":\"https:\\\/\\\/sgxx.org\\\/reflexiones-en-un-dia-internacional-de-la-personas-mayores-diferente\\\/\"},\"wordCount\":626,\"commentCount\":0,\"publisher\":{\"@id\":\"https:\\\/\\\/sgxx.org\\\/#organization\"},\"image\":{\"@id\":\"https:\\\/\\\/sgxx.org\\\/reflexiones-en-un-dia-internacional-de-la-personas-mayores-diferente\\\/#primaryimage\"},\"thumbnailUrl\":\"https:\\\/\\\/sgxx.org\\\/wp-content\\\/uploads\\\/2020\\\/10\\\/sgxx-portada-articulo-1-octubre-01.jpg\",\"articleSection\":[\"Actualidade\"],\"inLanguage\":\"es\",\"potentialAction\":[{\"@type\":\"CommentAction\",\"name\":\"Comment\",\"target\":[\"https:\\\/\\\/sgxx.org\\\/reflexiones-en-un-dia-internacional-de-la-personas-mayores-diferente\\\/#respond\"]}]},{\"@type\":\"WebPage\",\"@id\":\"https:\\\/\\\/sgxx.org\\\/reflexiones-en-un-dia-internacional-de-la-personas-mayores-diferente\\\/\",\"url\":\"https:\\\/\\\/sgxx.org\\\/reflexiones-en-un-dia-internacional-de-la-personas-mayores-diferente\\\/\",\"name\":\"Reflexiones en un D\u00eda Internacional de la Personas Mayores diferente - SGXX\",\"isPartOf\":{\"@id\":\"https:\\\/\\\/sgxx.org\\\/#website\"},\"primaryImageOfPage\":{\"@id\":\"https:\\\/\\\/sgxx.org\\\/reflexiones-en-un-dia-internacional-de-la-personas-mayores-diferente\\\/#primaryimage\"},\"image\":{\"@id\":\"https:\\\/\\\/sgxx.org\\\/reflexiones-en-un-dia-internacional-de-la-personas-mayores-diferente\\\/#primaryimage\"},\"thumbnailUrl\":\"https:\\\/\\\/sgxx.org\\\/wp-content\\\/uploads\\\/2020\\\/10\\\/sgxx-portada-articulo-1-octubre-01.jpg\",\"datePublished\":\"2020-10-01T09:39:23+00:00\",\"dateModified\":\"2022-11-08T17:49:57+00:00\",\"description\":\"Recordamos la importancia de los Mayores, el valor que aportan a la sociedad, la importancia que tienen en lo que hoy somos, en lo que hemos conseguido.\",\"breadcrumb\":{\"@id\":\"https:\\\/\\\/sgxx.org\\\/reflexiones-en-un-dia-internacional-de-la-personas-mayores-diferente\\\/#breadcrumb\"},\"inLanguage\":\"es\",\"potentialAction\":[{\"@type\":\"ReadAction\",\"target\":[\"https:\\\/\\\/sgxx.org\\\/reflexiones-en-un-dia-internacional-de-la-personas-mayores-diferente\\\/\"]}]},{\"@type\":\"ImageObject\",\"inLanguage\":\"es\",\"@id\":\"https:\\\/\\\/sgxx.org\\\/reflexiones-en-un-dia-internacional-de-la-personas-mayores-diferente\\\/#primaryimage\",\"url\":\"https:\\\/\\\/sgxx.org\\\/wp-content\\\/uploads\\\/2020\\\/10\\\/sgxx-portada-articulo-1-octubre-01.jpg\",\"contentUrl\":\"https:\\\/\\\/sgxx.org\\\/wp-content\\\/uploads\\\/2020\\\/10\\\/sgxx-portada-articulo-1-octubre-01.jpg\",\"width\":600,\"height\":400},{\"@type\":\"BreadcrumbList\",\"@id\":\"https:\\\/\\\/sgxx.org\\\/reflexiones-en-un-dia-internacional-de-la-personas-mayores-diferente\\\/#breadcrumb\",\"itemListElement\":[{\"@type\":\"ListItem\",\"position\":1,\"name\":\"Portada\",\"item\":\"https:\\\/\\\/sgxx.org\\\/es\\\/\"},{\"@type\":\"ListItem\",\"position\":2,\"name\":\"Reflexiones en un D\u00eda Internacional de la Personas Mayores diferente\"}]},{\"@type\":\"WebSite\",\"@id\":\"https:\\\/\\\/sgxx.org\\\/#website\",\"url\":\"https:\\\/\\\/sgxx.org\\\/\",\"name\":\"SGXX\",\"description\":\"Web da Sociedade Galega de Xerontolox\u00eda e Xeriatr\u00eda\",\"publisher\":{\"@id\":\"https:\\\/\\\/sgxx.org\\\/#organization\"},\"potentialAction\":[{\"@type\":\"SearchAction\",\"target\":{\"@type\":\"EntryPoint\",\"urlTemplate\":\"https:\\\/\\\/sgxx.org\\\/?s={search_term_string}\"},\"query-input\":{\"@type\":\"PropertyValueSpecification\",\"valueRequired\":true,\"valueName\":\"search_term_string\"}}],\"inLanguage\":\"es\"},{\"@type\":\"Organization\",\"@id\":\"https:\\\/\\\/sgxx.org\\\/#organization\",\"name\":\"Sociedade Galega de Xerontolox\u00eda e Xeriatr\u00eda (SGXX)\",\"url\":\"https:\\\/\\\/sgxx.org\\\/\",\"logo\":{\"@type\":\"ImageObject\",\"inLanguage\":\"es\",\"@id\":\"https:\\\/\\\/sgxx.org\\\/#\\\/schema\\\/logo\\\/image\\\/\",\"url\":\"https:\\\/\\\/sgxx.org\\\/wp-content\\\/uploads\\\/2016\\\/09\\\/sgxx-logo-1.png\",\"contentUrl\":\"https:\\\/\\\/sgxx.org\\\/wp-content\\\/uploads\\\/2016\\\/09\\\/sgxx-logo-1.png\",\"width\":200,\"height\":200,\"caption\":\"Sociedade Galega de Xerontolox\u00eda e Xeriatr\u00eda (SGXX)\"},\"image\":{\"@id\":\"https:\\\/\\\/sgxx.org\\\/#\\\/schema\\\/logo\\\/image\\\/\"},\"sameAs\":[\"https:\\\/\\\/es-es.facebook.com\\\/pages\\\/Sociedade-Galega-Xerontoloxia-e-Xeriatria\\\/327400652646\"]},{\"@type\":\"Person\",\"@id\":\"https:\\\/\\\/sgxx.org\\\/#\\\/schema\\\/person\\\/6ff53a68441cbed603a543cc7deea4ad\",\"name\":\"Comunicaci\u00f3n SGXX\",\"image\":{\"@type\":\"ImageObject\",\"inLanguage\":\"es\",\"@id\":\"https:\\\/\\\/secure.gravatar.com\\\/avatar\\\/e3e5e584f6a676cdca6957289472b6c0e22e4ddba0fefe9522ac7c10765b2b7a?s=96&d=mm&r=g\",\"url\":\"https:\\\/\\\/secure.gravatar.com\\\/avatar\\\/e3e5e584f6a676cdca6957289472b6c0e22e4ddba0fefe9522ac7c10765b2b7a?s=96&d=mm&r=g\",\"contentUrl\":\"https:\\\/\\\/secure.gravatar.com\\\/avatar\\\/e3e5e584f6a676cdca6957289472b6c0e22e4ddba0fefe9522ac7c10765b2b7a?s=96&d=mm&r=g\",\"caption\":\"Comunicaci\u00f3n SGXX\"}}]}<\/script>\n<!-- \/ Yoast SEO plugin. -->","yoast_head_json":{"title":"Reflexiones en un D\u00eda Internacional de la Personas Mayores diferente - SGXX","description":"Recordamos la importancia de los Mayores, el valor que aportan a la sociedad, la importancia que tienen en lo que hoy somos, en lo que hemos conseguido.","robots":{"index":"index","follow":"follow","max-snippet":"max-snippet:-1","max-image-preview":"max-image-preview:large","max-video-preview":"max-video-preview:-1"},"canonical":"https:\/\/sgxx.org\/reflexiones-en-un-dia-internacional-de-la-personas-mayores-diferente\/","og_locale":"es_ES","og_type":"article","og_title":"Reflexiones en un D\u00eda Internacional de la Personas Mayores diferente - SGXX","og_description":"Recordamos la importancia de los Mayores, el valor que aportan a la sociedad, la importancia que tienen en lo que hoy somos, en lo que hemos conseguido.","og_url":"https:\/\/sgxx.org\/reflexiones-en-un-dia-internacional-de-la-personas-mayores-diferente\/","og_site_name":"SGXX","article_publisher":"https:\/\/es-es.facebook.com\/pages\/Sociedade-Galega-Xerontoloxia-e-Xeriatria\/327400652646","article_published_time":"2020-10-01T09:39:23+00:00","article_modified_time":"2022-11-08T17:49:57+00:00","og_image":[{"width":600,"height":400,"url":"https:\/\/sgxx.org\/wp-content\/uploads\/2020\/10\/sgxx-portada-articulo-1-octubre-01.jpg","type":"image\/jpeg"}],"author":"Comunicaci\u00f3n SGXX","twitter_card":"summary_large_image","twitter_misc":{"Escrito por":"Comunicaci\u00f3n SGXX","Tiempo de lectura":"3 minutos"},"schema":{"@context":"https:\/\/schema.org","@graph":[{"@type":"Article","@id":"https:\/\/sgxx.org\/reflexiones-en-un-dia-internacional-de-la-personas-mayores-diferente\/#article","isPartOf":{"@id":"https:\/\/sgxx.org\/reflexiones-en-un-dia-internacional-de-la-personas-mayores-diferente\/"},"author":{"name":"Comunicaci\u00f3n SGXX","@id":"https:\/\/sgxx.org\/#\/schema\/person\/6ff53a68441cbed603a543cc7deea4ad"},"headline":"Reflexiones en un D\u00eda Internacional de la Personas Mayores diferente","datePublished":"2020-10-01T09:39:23+00:00","dateModified":"2022-11-08T17:49:57+00:00","mainEntityOfPage":{"@id":"https:\/\/sgxx.org\/reflexiones-en-un-dia-internacional-de-la-personas-mayores-diferente\/"},"wordCount":626,"commentCount":0,"publisher":{"@id":"https:\/\/sgxx.org\/#organization"},"image":{"@id":"https:\/\/sgxx.org\/reflexiones-en-un-dia-internacional-de-la-personas-mayores-diferente\/#primaryimage"},"thumbnailUrl":"https:\/\/sgxx.org\/wp-content\/uploads\/2020\/10\/sgxx-portada-articulo-1-octubre-01.jpg","articleSection":["Actualidade"],"inLanguage":"es","potentialAction":[{"@type":"CommentAction","name":"Comment","target":["https:\/\/sgxx.org\/reflexiones-en-un-dia-internacional-de-la-personas-mayores-diferente\/#respond"]}]},{"@type":"WebPage","@id":"https:\/\/sgxx.org\/reflexiones-en-un-dia-internacional-de-la-personas-mayores-diferente\/","url":"https:\/\/sgxx.org\/reflexiones-en-un-dia-internacional-de-la-personas-mayores-diferente\/","name":"Reflexiones en un D\u00eda Internacional de la Personas Mayores diferente - SGXX","isPartOf":{"@id":"https:\/\/sgxx.org\/#website"},"primaryImageOfPage":{"@id":"https:\/\/sgxx.org\/reflexiones-en-un-dia-internacional-de-la-personas-mayores-diferente\/#primaryimage"},"image":{"@id":"https:\/\/sgxx.org\/reflexiones-en-un-dia-internacional-de-la-personas-mayores-diferente\/#primaryimage"},"thumbnailUrl":"https:\/\/sgxx.org\/wp-content\/uploads\/2020\/10\/sgxx-portada-articulo-1-octubre-01.jpg","datePublished":"2020-10-01T09:39:23+00:00","dateModified":"2022-11-08T17:49:57+00:00","description":"Recordamos la importancia de los Mayores, el valor que aportan a la sociedad, la importancia que tienen en lo que hoy somos, en lo que hemos conseguido.","breadcrumb":{"@id":"https:\/\/sgxx.org\/reflexiones-en-un-dia-internacional-de-la-personas-mayores-diferente\/#breadcrumb"},"inLanguage":"es","potentialAction":[{"@type":"ReadAction","target":["https:\/\/sgxx.org\/reflexiones-en-un-dia-internacional-de-la-personas-mayores-diferente\/"]}]},{"@type":"ImageObject","inLanguage":"es","@id":"https:\/\/sgxx.org\/reflexiones-en-un-dia-internacional-de-la-personas-mayores-diferente\/#primaryimage","url":"https:\/\/sgxx.org\/wp-content\/uploads\/2020\/10\/sgxx-portada-articulo-1-octubre-01.jpg","contentUrl":"https:\/\/sgxx.org\/wp-content\/uploads\/2020\/10\/sgxx-portada-articulo-1-octubre-01.jpg","width":600,"height":400},{"@type":"BreadcrumbList","@id":"https:\/\/sgxx.org\/reflexiones-en-un-dia-internacional-de-la-personas-mayores-diferente\/#breadcrumb","itemListElement":[{"@type":"ListItem","position":1,"name":"Portada","item":"https:\/\/sgxx.org\/es\/"},{"@type":"ListItem","position":2,"name":"Reflexiones en un D\u00eda Internacional de la Personas Mayores diferente"}]},{"@type":"WebSite","@id":"https:\/\/sgxx.org\/#website","url":"https:\/\/sgxx.org\/","name":"SGXX","description":"Web da Sociedade Galega de Xerontolox\u00eda e Xeriatr\u00eda","publisher":{"@id":"https:\/\/sgxx.org\/#organization"},"potentialAction":[{"@type":"SearchAction","target":{"@type":"EntryPoint","urlTemplate":"https:\/\/sgxx.org\/?s={search_term_string}"},"query-input":{"@type":"PropertyValueSpecification","valueRequired":true,"valueName":"search_term_string"}}],"inLanguage":"es"},{"@type":"Organization","@id":"https:\/\/sgxx.org\/#organization","name":"Sociedade Galega de Xerontolox\u00eda e Xeriatr\u00eda (SGXX)","url":"https:\/\/sgxx.org\/","logo":{"@type":"ImageObject","inLanguage":"es","@id":"https:\/\/sgxx.org\/#\/schema\/logo\/image\/","url":"https:\/\/sgxx.org\/wp-content\/uploads\/2016\/09\/sgxx-logo-1.png","contentUrl":"https:\/\/sgxx.org\/wp-content\/uploads\/2016\/09\/sgxx-logo-1.png","width":200,"height":200,"caption":"Sociedade Galega de Xerontolox\u00eda e Xeriatr\u00eda (SGXX)"},"image":{"@id":"https:\/\/sgxx.org\/#\/schema\/logo\/image\/"},"sameAs":["https:\/\/es-es.facebook.com\/pages\/Sociedade-Galega-Xerontoloxia-e-Xeriatria\/327400652646"]},{"@type":"Person","@id":"https:\/\/sgxx.org\/#\/schema\/person\/6ff53a68441cbed603a543cc7deea4ad","name":"Comunicaci\u00f3n SGXX","image":{"@type":"ImageObject","inLanguage":"es","@id":"https:\/\/secure.gravatar.com\/avatar\/e3e5e584f6a676cdca6957289472b6c0e22e4ddba0fefe9522ac7c10765b2b7a?s=96&d=mm&r=g","url":"https:\/\/secure.gravatar.com\/avatar\/e3e5e584f6a676cdca6957289472b6c0e22e4ddba0fefe9522ac7c10765b2b7a?s=96&d=mm&r=g","contentUrl":"https:\/\/secure.gravatar.com\/avatar\/e3e5e584f6a676cdca6957289472b6c0e22e4ddba0fefe9522ac7c10765b2b7a?s=96&d=mm&r=g","caption":"Comunicaci\u00f3n SGXX"}}]}},"_links":{"self":[{"href":"https:\/\/sgxx.org\/es\/wp-json\/wp\/v2\/posts\/5413","targetHints":{"allow":["GET"]}}],"collection":[{"href":"https:\/\/sgxx.org\/es\/wp-json\/wp\/v2\/posts"}],"about":[{"href":"https:\/\/sgxx.org\/es\/wp-json\/wp\/v2\/types\/post"}],"author":[{"embeddable":true,"href":"https:\/\/sgxx.org\/es\/wp-json\/wp\/v2\/users\/3"}],"replies":[{"embeddable":true,"href":"https:\/\/sgxx.org\/es\/wp-json\/wp\/v2\/comments?post=5413"}],"version-history":[{"count":3,"href":"https:\/\/sgxx.org\/es\/wp-json\/wp\/v2\/posts\/5413\/revisions"}],"predecessor-version":[{"id":5420,"href":"https:\/\/sgxx.org\/es\/wp-json\/wp\/v2\/posts\/5413\/revisions\/5420"}],"wp:featuredmedia":[{"embeddable":true,"href":"https:\/\/sgxx.org\/es\/wp-json\/wp\/v2\/media\/5415"}],"wp:attachment":[{"href":"https:\/\/sgxx.org\/es\/wp-json\/wp\/v2\/media?parent=5413"}],"wp:term":[{"taxonomy":"category","embeddable":true,"href":"https:\/\/sgxx.org\/es\/wp-json\/wp\/v2\/categories?post=5413"},{"taxonomy":"post_tag","embeddable":true,"href":"https:\/\/sgxx.org\/es\/wp-json\/wp\/v2\/tags?post=5413"}],"curies":[{"name":"wp","href":"https:\/\/api.w.org\/{rel}","templated":true}]}}