{"id":5461,"date":"2020-12-16T20:19:21","date_gmt":"2020-12-16T19:19:21","guid":{"rendered":"https:\/\/sgxx.org\/?p=5461"},"modified":"2022-11-08T18:49:56","modified_gmt":"2022-11-08T17:49:56","slug":"a-sociedade-galega-de-xerontoloxia-e-xeriatria-presentou-a-politica-social-as-suas-propostas-para-evitar-mais-mortes-en-residencias","status":"publish","type":"post","link":"https:\/\/sgxx.org\/es\/a-sociedade-galega-de-xerontoloxia-e-xeriatria-presentou-a-politica-social-as-suas-propostas-para-evitar-mais-mortes-en-residencias\/","title":{"rendered":"A Sociedade Galega de Xerontolox\u00eda e Xeriatr\u00eda presentou a Pol\u00edtica Social as s\u00faas propostas para evitar m\u00e1is mortes en residencias"},"content":{"rendered":"<h3>Os representantes rexionais compromet\u00e9ronse a facer test de cribado en residencias d\u00faas veces por semana e a facilitar o desenvolvemento dunha investigaci\u00f3n sobre a pandemia.<\/h3>\n<p>(Vigo, 15 de decembro de 2020) Esta ma\u00f1\u00e1, Miguel \u00c1ngel V\u00e1zquez, presidente da Sociedade Galega de Xerontolox\u00eda e Xeriatr\u00eda, e Jos\u00e9 Manuel P\u00e9rez, tesoureiro, ambos en representaci\u00f3n da xunta directiva da entidade, mantiveron unha reuni\u00f3n telem\u00e1tica coa Conseller\u00eda de Pol\u00edtica Social, representada por Fernando Gonz\u00e1lez Abeij\u00f3n, director xeral de Maiores e Persoas con Discapacidade, e Ant\u00f3n Acevedo Prado, director xeral de Atenci\u00f3n Integral Sociosanitaria.<\/p>\n<p><strong>Neste encontro manifestaron o seu descontento coas medidas implementadas durante esta pandemia e expuxeron un plan de actuaci\u00f3n para evitar m\u00e1is erros.<\/strong><\/p>\n<p>En primeiro lugar, Miguel \u00c1ngel V\u00e1zquez sinalou que ata o de agora, en toda esta crise xerada pola Covid-19, as instituci\u00f3ns, tanto as auton\u00f3micas como a central, deron a sensaci\u00f3n de estar contra as residencias, non con elas, o que xerou desencanto e des\u00e1nimo nos profesionais. \u201cO sector sente s\u00f3, criticado e tratado inxustamente\u201d, afirmou. Por iso, <strong>desde a SGXX solicitaron ao Goberno galego que se faga un reco\u00f1ecemento expl\u00edcito do bo facer e a profesionalidade a todos os traballadores das residencias e centros de d\u00eda, tanto p\u00fablicos como privados<\/strong>. Tanto Acevedo como Gonz\u00e1lez Abeij\u00f3n mostr\u00e1ronse de acordo con este aspecto e compromet\u00e9ronse a recoller a testemu\u00f1a e traballar para que isto se leve a cabo.<\/p>\n<p>Respecto a as mortes en residencias, a Sociedade Galega <strong>presentou o anteproxecto dunha investigaci\u00f3n que prop\u00f3n analizar as mortes nas residencias<\/strong> e solicitaron a colaboraci\u00f3n da Xunta de Galicia para realizar unha an\u00e1lise profunda sobre as mortes por coronavirus en persoas maiores, non s\u00f3 as directas sen\u00f3n tam\u00e9n as secundarias e terciarias. Neste sentido, Miguel \u00c1ngel V\u00e1zquez, reclamou informaci\u00f3n pormenorizada dos casos e mortes por coronavirus en Galicia.<\/p>\n<p>Doutra banda, tam\u00e9n instaron \u00e1 Xunta de Galicia a <strong>elaborar un informe de situaci\u00f3n da pandemia no que se reflexione sobre as medidas implementadas nestes meses e o seu resultado<\/strong>.<\/p>\n<p>Como medidas a establecer con car\u00e1cter urxente, o presidente da Sociedade Galega expo\u00f1o dous fundamentais: <strong>realizar probas diagn\u00f3sticas cada cinco d\u00edas nas residencias, non cada sete, para aumentar a s\u00faa efectividade, e illar \u00e1s persoas positivas deriv\u00e1ndoas a un centro de atenci\u00f3n intermedia<\/strong>, como os que xa existen. Unha formulaci\u00f3n co que se mostraron de acordo os dous directores xerais; de feito, anunciaron que est\u00e1 previsto que en breve com\u00e9cense a facer controis de ant\u00edgenos semanalmente e a metade de semana un PCR, co cal se far\u00eda un cribado cada tres ou catro d\u00edas.<\/p>\n<p>Respecto ao <strong>comit\u00e9 de expertos da Conseller\u00eda de Sanidade,<\/strong> desde a SGXX entende que <strong>a ausencia de profesionais do sector residencial<\/strong> elimina o car\u00e1cter de \u201cexperto\u201d, debido a que s\u00f3 est\u00e1 formado por persoal sanitario e epidemi\u00f3logos, pero hai un gran baleiro das residencias, que son os que mellor co\u00f1ecen estas contornas. Por tanto, desde a Sociedade Galega solicitan que se conte con eles para que poidan achegar a s\u00faa saber facer e experiencia a ese comit\u00e9.<\/p>\n<p>Principio del formulario<\/p>\n<p>Tam\u00e9n se abordou a necesidade de elaborar un <strong>protocolo en Galicia que regule as sa\u00eddas durante o nadal das Persoas maiores que viven en residencias.<\/strong> Este documento xa se elaborou en Madrid e en Andaluc\u00eda, comunidade esta \u00faltima que contou co asesoramento da SGXX para elaborar o devandito documento. Os dous directores xerais afirmaron que se est\u00e1 traballando na elaboraci\u00f3n deste protocolo tam\u00e9n na nosa comunidade.<\/p>\n<p>Doutra banda, Miguel \u00c1ngel V\u00e1zquez solicitou \u00e1 Xunta a posta <strong>en marcha, canto antes, dun programa de formaci\u00f3n te\u00f3rico-pr\u00e1ctico dirixido directores, t\u00e9cnicos e persoal de atenci\u00f3n directa de residencias, <\/strong>en d\u00faas materias imprescindibles actualmente: Covid 19 e vacinaci\u00f3n. Neste aspecto, os dous representantes da Xunta aseguraron que o pr\u00f3ximo ano impartirase formaci\u00f3n a trav\u00e9s de varias ferramentas e plataformas.<\/p>\n<p>Outro punto que abordou o presidente da SGXX foi a <strong>necesidade de que o Sergas elabore un plan de atenci\u00f3n sanitaria para as residencias galegas<\/strong>, no que se contemple o apoio directo de equipos de enfermer\u00eda e m\u00e9dicos a estes centros, as\u00ed como potenciar a subministraci\u00f3n de material de protecci\u00f3n e equipos EPI, que escasean en moitas ocasi\u00f3ns.<\/p>\n<p>Final del formulario<\/p>\n<p>Doutra banda, a Sociedade Galega solicitou o <strong>acceso aos m\u00e9dicos de centros residenciais ao programa Illanus,<\/strong> que xestiona a informaci\u00f3n sanitaria, algo que lles facilitar\u00eda moito o traballo e mellorar\u00eda a calidade de vida dos usuarios.<\/p>\n<p>Ant\u00f3n Acevedo mostrouse de acordo con esta necesidade e adiantou que est\u00e1n a traballar para que as residencias te\u00f1an acceso ao programa Illanus o ano que v\u00e9n; de feito, afirmou que te\u00f1en previsto que o 100% das residencias galegas estean inclu\u00eddas neste programa antes de finais de 2021.<\/p>\n<p><strong>Con este encontro a Sociedade Galega de Xerontolox\u00eda e Xeriatr\u00eda d\u00e1 resposta a un dos seus principais fins como Sociedade Cient\u00edfica: mellorar a calidade de vida das persoas maiores<\/strong><\/p>\n","protected":false},"excerpt":{"rendered":"<p>Os representantes rexionais compromet\u00e9ronse a facer test de cribado en residencias d\u00faas veces por semana e a facilitar o desenvolvemento dunha investigaci\u00f3n sobre a pandemia. (Vigo, 15 de decembro de 2020) Esta ma\u00f1\u00e1, Miguel \u00c1ngel V\u00e1zquez, presidente da Sociedade Galega de Xerontolox\u00eda e Xeriatr\u00eda, e Jos\u00e9 Manuel P\u00e9rez, tesoureiro, ambos en representaci\u00f3n da xunta directiva [&hellip;]<\/p>\n","protected":false},"author":3,"featured_media":5462,"comment_status":"open","ping_status":"open","sticky":false,"template":"","format":"standard","meta":{"footnotes":""},"categories":[335],"tags":[],"class_list":["post-5461","post","type-post","status-publish","format-standard","has-post-thumbnail","hentry","category-covid-19"],"yoast_head":"<!-- This site is optimized with the Yoast SEO plugin v27.4 - https:\/\/yoast.com\/product\/yoast-seo-wordpress\/ -->\n<title>A Sociedade Galega de Xerontolox\u00eda e Xeriatr\u00eda presentou a Pol\u00edtica Social as s\u00faas propostas para evitar m\u00e1is mortes en residencias - SGXX<\/title>\n<meta name=\"robots\" content=\"index, follow, max-snippet:-1, max-image-preview:large, max-video-preview:-1\" \/>\n<link rel=\"canonical\" href=\"https:\/\/sgxx.org\/a-sociedade-galega-de-xerontoloxia-e-xeriatria-presentou-a-politica-social-as-suas-propostas-para-evitar-mais-mortes-en-residencias\/\" \/>\n<meta property=\"og:locale\" content=\"es_ES\" \/>\n<meta property=\"og:type\" content=\"article\" \/>\n<meta property=\"og:title\" content=\"A Sociedade Galega de Xerontolox\u00eda e Xeriatr\u00eda presentou a Pol\u00edtica Social as s\u00faas propostas para evitar m\u00e1is mortes en residencias - SGXX\" \/>\n<meta property=\"og:description\" content=\"Os representantes rexionais compromet\u00e9ronse a facer test de cribado en residencias d\u00faas veces por semana e a facilitar o desenvolvemento dunha investigaci\u00f3n sobre a pandemia. (Vigo, 15 de decembro de 2020) Esta ma\u00f1\u00e1, Miguel \u00c1ngel V\u00e1zquez, presidente da Sociedade Galega de Xerontolox\u00eda e Xeriatr\u00eda, e Jos\u00e9 Manuel P\u00e9rez, tesoureiro, ambos en representaci\u00f3n da xunta directiva [&hellip;]\" \/>\n<meta property=\"og:url\" content=\"https:\/\/sgxx.org\/a-sociedade-galega-de-xerontoloxia-e-xeriatria-presentou-a-politica-social-as-suas-propostas-para-evitar-mais-mortes-en-residencias\/\" \/>\n<meta property=\"og:site_name\" content=\"SGXX\" \/>\n<meta property=\"article:publisher\" content=\"https:\/\/es-es.facebook.com\/pages\/Sociedade-Galega-Xerontoloxia-e-Xeriatria\/327400652646\" \/>\n<meta property=\"article:published_time\" content=\"2020-12-16T19:19:21+00:00\" \/>\n<meta property=\"article:modified_time\" content=\"2022-11-08T17:49:56+00:00\" \/>\n<meta property=\"og:image\" content=\"https:\/\/sgxx.org\/wp-content\/uploads\/2020\/12\/foto-reunion-xunta.jpg\" \/>\n\t<meta property=\"og:image:width\" content=\"600\" \/>\n\t<meta property=\"og:image:height\" content=\"400\" \/>\n\t<meta property=\"og:image:type\" content=\"image\/jpeg\" \/>\n<meta name=\"author\" content=\"Comunicaci\u00f3n SGXX\" \/>\n<meta name=\"twitter:card\" content=\"summary_large_image\" \/>\n<meta name=\"twitter:label1\" content=\"Escrito por\" \/>\n\t<meta name=\"twitter:data1\" content=\"Comunicaci\u00f3n SGXX\" \/>\n\t<meta name=\"twitter:label2\" content=\"Tiempo de lectura\" \/>\n\t<meta name=\"twitter:data2\" content=\"4 minutos\" \/>\n<script type=\"application\/ld+json\" class=\"yoast-schema-graph\">{\"@context\":\"https:\\\/\\\/schema.org\",\"@graph\":[{\"@type\":\"Article\",\"@id\":\"https:\\\/\\\/sgxx.org\\\/a-sociedade-galega-de-xerontoloxia-e-xeriatria-presentou-a-politica-social-as-suas-propostas-para-evitar-mais-mortes-en-residencias\\\/#article\",\"isPartOf\":{\"@id\":\"https:\\\/\\\/sgxx.org\\\/a-sociedade-galega-de-xerontoloxia-e-xeriatria-presentou-a-politica-social-as-suas-propostas-para-evitar-mais-mortes-en-residencias\\\/\"},\"author\":{\"name\":\"Comunicaci\u00f3n SGXX\",\"@id\":\"https:\\\/\\\/sgxx.org\\\/#\\\/schema\\\/person\\\/6ff53a68441cbed603a543cc7deea4ad\"},\"headline\":\"A Sociedade Galega de Xerontolox\u00eda e Xeriatr\u00eda presentou a Pol\u00edtica Social as s\u00faas propostas para evitar m\u00e1is mortes en residencias\",\"datePublished\":\"2020-12-16T19:19:21+00:00\",\"dateModified\":\"2022-11-08T17:49:56+00:00\",\"mainEntityOfPage\":{\"@id\":\"https:\\\/\\\/sgxx.org\\\/a-sociedade-galega-de-xerontoloxia-e-xeriatria-presentou-a-politica-social-as-suas-propostas-para-evitar-mais-mortes-en-residencias\\\/\"},\"wordCount\":910,\"commentCount\":0,\"publisher\":{\"@id\":\"https:\\\/\\\/sgxx.org\\\/#organization\"},\"image\":{\"@id\":\"https:\\\/\\\/sgxx.org\\\/a-sociedade-galega-de-xerontoloxia-e-xeriatria-presentou-a-politica-social-as-suas-propostas-para-evitar-mais-mortes-en-residencias\\\/#primaryimage\"},\"thumbnailUrl\":\"https:\\\/\\\/sgxx.org\\\/wp-content\\\/uploads\\\/2020\\\/12\\\/foto-reunion-xunta.jpg\",\"articleSection\":[\"COVID-19\"],\"inLanguage\":\"es\",\"potentialAction\":[{\"@type\":\"CommentAction\",\"name\":\"Comment\",\"target\":[\"https:\\\/\\\/sgxx.org\\\/a-sociedade-galega-de-xerontoloxia-e-xeriatria-presentou-a-politica-social-as-suas-propostas-para-evitar-mais-mortes-en-residencias\\\/#respond\"]}]},{\"@type\":\"WebPage\",\"@id\":\"https:\\\/\\\/sgxx.org\\\/a-sociedade-galega-de-xerontoloxia-e-xeriatria-presentou-a-politica-social-as-suas-propostas-para-evitar-mais-mortes-en-residencias\\\/\",\"url\":\"https:\\\/\\\/sgxx.org\\\/a-sociedade-galega-de-xerontoloxia-e-xeriatria-presentou-a-politica-social-as-suas-propostas-para-evitar-mais-mortes-en-residencias\\\/\",\"name\":\"A Sociedade Galega de Xerontolox\u00eda e Xeriatr\u00eda presentou a Pol\u00edtica Social as s\u00faas propostas para evitar m\u00e1is mortes en residencias - SGXX\",\"isPartOf\":{\"@id\":\"https:\\\/\\\/sgxx.org\\\/#website\"},\"primaryImageOfPage\":{\"@id\":\"https:\\\/\\\/sgxx.org\\\/a-sociedade-galega-de-xerontoloxia-e-xeriatria-presentou-a-politica-social-as-suas-propostas-para-evitar-mais-mortes-en-residencias\\\/#primaryimage\"},\"image\":{\"@id\":\"https:\\\/\\\/sgxx.org\\\/a-sociedade-galega-de-xerontoloxia-e-xeriatria-presentou-a-politica-social-as-suas-propostas-para-evitar-mais-mortes-en-residencias\\\/#primaryimage\"},\"thumbnailUrl\":\"https:\\\/\\\/sgxx.org\\\/wp-content\\\/uploads\\\/2020\\\/12\\\/foto-reunion-xunta.jpg\",\"datePublished\":\"2020-12-16T19:19:21+00:00\",\"dateModified\":\"2022-11-08T17:49:56+00:00\",\"breadcrumb\":{\"@id\":\"https:\\\/\\\/sgxx.org\\\/a-sociedade-galega-de-xerontoloxia-e-xeriatria-presentou-a-politica-social-as-suas-propostas-para-evitar-mais-mortes-en-residencias\\\/#breadcrumb\"},\"inLanguage\":\"es\",\"potentialAction\":[{\"@type\":\"ReadAction\",\"target\":[\"https:\\\/\\\/sgxx.org\\\/a-sociedade-galega-de-xerontoloxia-e-xeriatria-presentou-a-politica-social-as-suas-propostas-para-evitar-mais-mortes-en-residencias\\\/\"]}]},{\"@type\":\"ImageObject\",\"inLanguage\":\"es\",\"@id\":\"https:\\\/\\\/sgxx.org\\\/a-sociedade-galega-de-xerontoloxia-e-xeriatria-presentou-a-politica-social-as-suas-propostas-para-evitar-mais-mortes-en-residencias\\\/#primaryimage\",\"url\":\"https:\\\/\\\/sgxx.org\\\/wp-content\\\/uploads\\\/2020\\\/12\\\/foto-reunion-xunta.jpg\",\"contentUrl\":\"https:\\\/\\\/sgxx.org\\\/wp-content\\\/uploads\\\/2020\\\/12\\\/foto-reunion-xunta.jpg\",\"width\":600,\"height\":400},{\"@type\":\"BreadcrumbList\",\"@id\":\"https:\\\/\\\/sgxx.org\\\/a-sociedade-galega-de-xerontoloxia-e-xeriatria-presentou-a-politica-social-as-suas-propostas-para-evitar-mais-mortes-en-residencias\\\/#breadcrumb\",\"itemListElement\":[{\"@type\":\"ListItem\",\"position\":1,\"name\":\"Portada\",\"item\":\"https:\\\/\\\/sgxx.org\\\/es\\\/\"},{\"@type\":\"ListItem\",\"position\":2,\"name\":\"A Sociedade Galega de Xerontolox\u00eda e Xeriatr\u00eda presentou a Pol\u00edtica Social as s\u00faas propostas para evitar m\u00e1is mortes en residencias\"}]},{\"@type\":\"WebSite\",\"@id\":\"https:\\\/\\\/sgxx.org\\\/#website\",\"url\":\"https:\\\/\\\/sgxx.org\\\/\",\"name\":\"SGXX\",\"description\":\"Web da Sociedade Galega de Xerontolox\u00eda e Xeriatr\u00eda\",\"publisher\":{\"@id\":\"https:\\\/\\\/sgxx.org\\\/#organization\"},\"potentialAction\":[{\"@type\":\"SearchAction\",\"target\":{\"@type\":\"EntryPoint\",\"urlTemplate\":\"https:\\\/\\\/sgxx.org\\\/?s={search_term_string}\"},\"query-input\":{\"@type\":\"PropertyValueSpecification\",\"valueRequired\":true,\"valueName\":\"search_term_string\"}}],\"inLanguage\":\"es\"},{\"@type\":\"Organization\",\"@id\":\"https:\\\/\\\/sgxx.org\\\/#organization\",\"name\":\"Sociedade Galega de Xerontolox\u00eda e Xeriatr\u00eda (SGXX)\",\"url\":\"https:\\\/\\\/sgxx.org\\\/\",\"logo\":{\"@type\":\"ImageObject\",\"inLanguage\":\"es\",\"@id\":\"https:\\\/\\\/sgxx.org\\\/#\\\/schema\\\/logo\\\/image\\\/\",\"url\":\"https:\\\/\\\/sgxx.org\\\/wp-content\\\/uploads\\\/2016\\\/09\\\/sgxx-logo-1.png\",\"contentUrl\":\"https:\\\/\\\/sgxx.org\\\/wp-content\\\/uploads\\\/2016\\\/09\\\/sgxx-logo-1.png\",\"width\":200,\"height\":200,\"caption\":\"Sociedade Galega de Xerontolox\u00eda e Xeriatr\u00eda (SGXX)\"},\"image\":{\"@id\":\"https:\\\/\\\/sgxx.org\\\/#\\\/schema\\\/logo\\\/image\\\/\"},\"sameAs\":[\"https:\\\/\\\/es-es.facebook.com\\\/pages\\\/Sociedade-Galega-Xerontoloxia-e-Xeriatria\\\/327400652646\"]},{\"@type\":\"Person\",\"@id\":\"https:\\\/\\\/sgxx.org\\\/#\\\/schema\\\/person\\\/6ff53a68441cbed603a543cc7deea4ad\",\"name\":\"Comunicaci\u00f3n SGXX\",\"image\":{\"@type\":\"ImageObject\",\"inLanguage\":\"es\",\"@id\":\"https:\\\/\\\/secure.gravatar.com\\\/avatar\\\/e3e5e584f6a676cdca6957289472b6c0e22e4ddba0fefe9522ac7c10765b2b7a?s=96&d=mm&r=g\",\"url\":\"https:\\\/\\\/secure.gravatar.com\\\/avatar\\\/e3e5e584f6a676cdca6957289472b6c0e22e4ddba0fefe9522ac7c10765b2b7a?s=96&d=mm&r=g\",\"contentUrl\":\"https:\\\/\\\/secure.gravatar.com\\\/avatar\\\/e3e5e584f6a676cdca6957289472b6c0e22e4ddba0fefe9522ac7c10765b2b7a?s=96&d=mm&r=g\",\"caption\":\"Comunicaci\u00f3n SGXX\"}}]}<\/script>\n<!-- \/ Yoast SEO plugin. -->","yoast_head_json":{"title":"A Sociedade Galega de Xerontolox\u00eda e Xeriatr\u00eda presentou a Pol\u00edtica Social as s\u00faas propostas para evitar m\u00e1is mortes en residencias - SGXX","robots":{"index":"index","follow":"follow","max-snippet":"max-snippet:-1","max-image-preview":"max-image-preview:large","max-video-preview":"max-video-preview:-1"},"canonical":"https:\/\/sgxx.org\/a-sociedade-galega-de-xerontoloxia-e-xeriatria-presentou-a-politica-social-as-suas-propostas-para-evitar-mais-mortes-en-residencias\/","og_locale":"es_ES","og_type":"article","og_title":"A Sociedade Galega de Xerontolox\u00eda e Xeriatr\u00eda presentou a Pol\u00edtica Social as s\u00faas propostas para evitar m\u00e1is mortes en residencias - SGXX","og_description":"Os representantes rexionais compromet\u00e9ronse a facer test de cribado en residencias d\u00faas veces por semana e a facilitar o desenvolvemento dunha investigaci\u00f3n sobre a pandemia. (Vigo, 15 de decembro de 2020) Esta ma\u00f1\u00e1, Miguel \u00c1ngel V\u00e1zquez, presidente da Sociedade Galega de Xerontolox\u00eda e Xeriatr\u00eda, e Jos\u00e9 Manuel P\u00e9rez, tesoureiro, ambos en representaci\u00f3n da xunta directiva [&hellip;]","og_url":"https:\/\/sgxx.org\/a-sociedade-galega-de-xerontoloxia-e-xeriatria-presentou-a-politica-social-as-suas-propostas-para-evitar-mais-mortes-en-residencias\/","og_site_name":"SGXX","article_publisher":"https:\/\/es-es.facebook.com\/pages\/Sociedade-Galega-Xerontoloxia-e-Xeriatria\/327400652646","article_published_time":"2020-12-16T19:19:21+00:00","article_modified_time":"2022-11-08T17:49:56+00:00","og_image":[{"width":600,"height":400,"url":"https:\/\/sgxx.org\/wp-content\/uploads\/2020\/12\/foto-reunion-xunta.jpg","type":"image\/jpeg"}],"author":"Comunicaci\u00f3n SGXX","twitter_card":"summary_large_image","twitter_misc":{"Escrito por":"Comunicaci\u00f3n SGXX","Tiempo de lectura":"4 minutos"},"schema":{"@context":"https:\/\/schema.org","@graph":[{"@type":"Article","@id":"https:\/\/sgxx.org\/a-sociedade-galega-de-xerontoloxia-e-xeriatria-presentou-a-politica-social-as-suas-propostas-para-evitar-mais-mortes-en-residencias\/#article","isPartOf":{"@id":"https:\/\/sgxx.org\/a-sociedade-galega-de-xerontoloxia-e-xeriatria-presentou-a-politica-social-as-suas-propostas-para-evitar-mais-mortes-en-residencias\/"},"author":{"name":"Comunicaci\u00f3n SGXX","@id":"https:\/\/sgxx.org\/#\/schema\/person\/6ff53a68441cbed603a543cc7deea4ad"},"headline":"A Sociedade Galega de Xerontolox\u00eda e Xeriatr\u00eda presentou a Pol\u00edtica Social as s\u00faas propostas para evitar m\u00e1is mortes en residencias","datePublished":"2020-12-16T19:19:21+00:00","dateModified":"2022-11-08T17:49:56+00:00","mainEntityOfPage":{"@id":"https:\/\/sgxx.org\/a-sociedade-galega-de-xerontoloxia-e-xeriatria-presentou-a-politica-social-as-suas-propostas-para-evitar-mais-mortes-en-residencias\/"},"wordCount":910,"commentCount":0,"publisher":{"@id":"https:\/\/sgxx.org\/#organization"},"image":{"@id":"https:\/\/sgxx.org\/a-sociedade-galega-de-xerontoloxia-e-xeriatria-presentou-a-politica-social-as-suas-propostas-para-evitar-mais-mortes-en-residencias\/#primaryimage"},"thumbnailUrl":"https:\/\/sgxx.org\/wp-content\/uploads\/2020\/12\/foto-reunion-xunta.jpg","articleSection":["COVID-19"],"inLanguage":"es","potentialAction":[{"@type":"CommentAction","name":"Comment","target":["https:\/\/sgxx.org\/a-sociedade-galega-de-xerontoloxia-e-xeriatria-presentou-a-politica-social-as-suas-propostas-para-evitar-mais-mortes-en-residencias\/#respond"]}]},{"@type":"WebPage","@id":"https:\/\/sgxx.org\/a-sociedade-galega-de-xerontoloxia-e-xeriatria-presentou-a-politica-social-as-suas-propostas-para-evitar-mais-mortes-en-residencias\/","url":"https:\/\/sgxx.org\/a-sociedade-galega-de-xerontoloxia-e-xeriatria-presentou-a-politica-social-as-suas-propostas-para-evitar-mais-mortes-en-residencias\/","name":"A Sociedade Galega de Xerontolox\u00eda e Xeriatr\u00eda presentou a Pol\u00edtica Social as s\u00faas propostas para evitar m\u00e1is mortes en residencias - SGXX","isPartOf":{"@id":"https:\/\/sgxx.org\/#website"},"primaryImageOfPage":{"@id":"https:\/\/sgxx.org\/a-sociedade-galega-de-xerontoloxia-e-xeriatria-presentou-a-politica-social-as-suas-propostas-para-evitar-mais-mortes-en-residencias\/#primaryimage"},"image":{"@id":"https:\/\/sgxx.org\/a-sociedade-galega-de-xerontoloxia-e-xeriatria-presentou-a-politica-social-as-suas-propostas-para-evitar-mais-mortes-en-residencias\/#primaryimage"},"thumbnailUrl":"https:\/\/sgxx.org\/wp-content\/uploads\/2020\/12\/foto-reunion-xunta.jpg","datePublished":"2020-12-16T19:19:21+00:00","dateModified":"2022-11-08T17:49:56+00:00","breadcrumb":{"@id":"https:\/\/sgxx.org\/a-sociedade-galega-de-xerontoloxia-e-xeriatria-presentou-a-politica-social-as-suas-propostas-para-evitar-mais-mortes-en-residencias\/#breadcrumb"},"inLanguage":"es","potentialAction":[{"@type":"ReadAction","target":["https:\/\/sgxx.org\/a-sociedade-galega-de-xerontoloxia-e-xeriatria-presentou-a-politica-social-as-suas-propostas-para-evitar-mais-mortes-en-residencias\/"]}]},{"@type":"ImageObject","inLanguage":"es","@id":"https:\/\/sgxx.org\/a-sociedade-galega-de-xerontoloxia-e-xeriatria-presentou-a-politica-social-as-suas-propostas-para-evitar-mais-mortes-en-residencias\/#primaryimage","url":"https:\/\/sgxx.org\/wp-content\/uploads\/2020\/12\/foto-reunion-xunta.jpg","contentUrl":"https:\/\/sgxx.org\/wp-content\/uploads\/2020\/12\/foto-reunion-xunta.jpg","width":600,"height":400},{"@type":"BreadcrumbList","@id":"https:\/\/sgxx.org\/a-sociedade-galega-de-xerontoloxia-e-xeriatria-presentou-a-politica-social-as-suas-propostas-para-evitar-mais-mortes-en-residencias\/#breadcrumb","itemListElement":[{"@type":"ListItem","position":1,"name":"Portada","item":"https:\/\/sgxx.org\/es\/"},{"@type":"ListItem","position":2,"name":"A Sociedade Galega de Xerontolox\u00eda e Xeriatr\u00eda presentou a Pol\u00edtica Social as s\u00faas propostas para evitar m\u00e1is mortes en residencias"}]},{"@type":"WebSite","@id":"https:\/\/sgxx.org\/#website","url":"https:\/\/sgxx.org\/","name":"SGXX","description":"Web da Sociedade Galega de Xerontolox\u00eda e Xeriatr\u00eda","publisher":{"@id":"https:\/\/sgxx.org\/#organization"},"potentialAction":[{"@type":"SearchAction","target":{"@type":"EntryPoint","urlTemplate":"https:\/\/sgxx.org\/?s={search_term_string}"},"query-input":{"@type":"PropertyValueSpecification","valueRequired":true,"valueName":"search_term_string"}}],"inLanguage":"es"},{"@type":"Organization","@id":"https:\/\/sgxx.org\/#organization","name":"Sociedade Galega de Xerontolox\u00eda e Xeriatr\u00eda (SGXX)","url":"https:\/\/sgxx.org\/","logo":{"@type":"ImageObject","inLanguage":"es","@id":"https:\/\/sgxx.org\/#\/schema\/logo\/image\/","url":"https:\/\/sgxx.org\/wp-content\/uploads\/2016\/09\/sgxx-logo-1.png","contentUrl":"https:\/\/sgxx.org\/wp-content\/uploads\/2016\/09\/sgxx-logo-1.png","width":200,"height":200,"caption":"Sociedade Galega de Xerontolox\u00eda e Xeriatr\u00eda (SGXX)"},"image":{"@id":"https:\/\/sgxx.org\/#\/schema\/logo\/image\/"},"sameAs":["https:\/\/es-es.facebook.com\/pages\/Sociedade-Galega-Xerontoloxia-e-Xeriatria\/327400652646"]},{"@type":"Person","@id":"https:\/\/sgxx.org\/#\/schema\/person\/6ff53a68441cbed603a543cc7deea4ad","name":"Comunicaci\u00f3n SGXX","image":{"@type":"ImageObject","inLanguage":"es","@id":"https:\/\/secure.gravatar.com\/avatar\/e3e5e584f6a676cdca6957289472b6c0e22e4ddba0fefe9522ac7c10765b2b7a?s=96&d=mm&r=g","url":"https:\/\/secure.gravatar.com\/avatar\/e3e5e584f6a676cdca6957289472b6c0e22e4ddba0fefe9522ac7c10765b2b7a?s=96&d=mm&r=g","contentUrl":"https:\/\/secure.gravatar.com\/avatar\/e3e5e584f6a676cdca6957289472b6c0e22e4ddba0fefe9522ac7c10765b2b7a?s=96&d=mm&r=g","caption":"Comunicaci\u00f3n SGXX"}}]}},"_links":{"self":[{"href":"https:\/\/sgxx.org\/es\/wp-json\/wp\/v2\/posts\/5461","targetHints":{"allow":["GET"]}}],"collection":[{"href":"https:\/\/sgxx.org\/es\/wp-json\/wp\/v2\/posts"}],"about":[{"href":"https:\/\/sgxx.org\/es\/wp-json\/wp\/v2\/types\/post"}],"author":[{"embeddable":true,"href":"https:\/\/sgxx.org\/es\/wp-json\/wp\/v2\/users\/3"}],"replies":[{"embeddable":true,"href":"https:\/\/sgxx.org\/es\/wp-json\/wp\/v2\/comments?post=5461"}],"version-history":[{"count":1,"href":"https:\/\/sgxx.org\/es\/wp-json\/wp\/v2\/posts\/5461\/revisions"}],"predecessor-version":[{"id":5464,"href":"https:\/\/sgxx.org\/es\/wp-json\/wp\/v2\/posts\/5461\/revisions\/5464"}],"wp:featuredmedia":[{"embeddable":true,"href":"https:\/\/sgxx.org\/es\/wp-json\/wp\/v2\/media\/5462"}],"wp:attachment":[{"href":"https:\/\/sgxx.org\/es\/wp-json\/wp\/v2\/media?parent=5461"}],"wp:term":[{"taxonomy":"category","embeddable":true,"href":"https:\/\/sgxx.org\/es\/wp-json\/wp\/v2\/categories?post=5461"},{"taxonomy":"post_tag","embeddable":true,"href":"https:\/\/sgxx.org\/es\/wp-json\/wp\/v2\/tags?post=5461"}],"curies":[{"name":"wp","href":"https:\/\/api.w.org\/{rel}","templated":true}]}}