{"id":561,"date":"2013-05-08T17:35:32","date_gmt":"2013-05-08T17:35:32","guid":{"rendered":"https:\/\/sgxx.org\/?p=561"},"modified":"2022-11-08T18:50:08","modified_gmt":"2022-11-08T17:50:08","slug":"acta-resumen-y-principales-conclusiones-del-xxv-congreso-internacional-de-la-sgxx","status":"publish","type":"post","link":"https:\/\/sgxx.org\/es\/acta-resumen-y-principales-conclusiones-del-xxv-congreso-internacional-de-la-sgxx\/","title":{"rendered":"Acta, resumen y principales conclusiones del XXV Congreso Internacional de la SGXX"},"content":{"rendered":"<p class=\"feature Estilo16\">En nombre del Comit\u00e9 Organizador y Cient\u00edfico queremos agradeceros una vez m\u00e1s el haber participado en este XXV Congreso Internacional de la SGXX. Este evento nos ha mostrado la realidad de la Investigaci\u00f3n, el Desarrollo y la Innovaci\u00f3n en Gerontolog\u00eda y Geriatr\u00eda.<\/p>\n<p class=\"feature Estilo16\">A modo de resumen, desarrollamos a continuaci\u00f3n los principales temas tratados:<br \/>\n<img decoding=\"async\" class=\" aligncenter\" src=\"https:\/\/sgxx.org\/images\/anamaseda.jpg\" alt=\"\" width=\"300\" height=\"227\" \/><\/p>\n<p class=\"feature Estilo16\">Hemos abierto el Congreso con la Dra. De la Fuente, conociendo las estrategias de estilo de vida que permitan controlar la velocidad de envejecimiento, considerando la importancia de los procesos de oxidaci\u00f3n-inflamaci\u00f3n a nivel gen\u00e9tico.<\/p>\n<p class=\"feature Estilo16\">Desde los principales hospitales de Galicia nos han planteado la importancia de conocer el estado de salud de nuestros mayores, su grado de fragilidad, la presencia de s\u00edntomas de conducta y psicol\u00f3gicos de la demencia, resultado de una interacci\u00f3n compleja de factores biol\u00f3gicos, psicol\u00f3gicos, sociales y ambientales. Nos han planteado el t\u00e9rmino de la teran\u00f3stica y la proyecci\u00f3n futura de la regeneraci\u00f3n cerebral en el campo de la neurolog\u00eda. El futuro tambi\u00e9n lo encontramos en el \u00e1mbito de los biomarcadores vinculados a la artrosis, con tecnolog\u00edas como la gen\u00f3mica, prote\u00f3mica y metabol\u00f3mica sirviendo como apoyo en el diagn\u00f3stico precoz y desarrollo de terapias alternativas.<\/p>\n<p class=\"feature Estilo16\">Frente a la investigaci\u00f3n hospitalaria, resaltamos el trabajo desarrollado en las Universidades, comenzando por nuevas t\u00e9cnicas de evaluaci\u00f3n neuropsicol\u00f3gica, los registros de electroencefalograf\u00eda y la t\u00e9cnica de potenciales evocados cerebrales para comparar el envejecimiento normal con el deterioro cognitivo leve y su evoluci\u00f3n hacia enfermedad de Alzheimer. Para que esta evoluci\u00f3n del envejecimiento sea lo m\u00e1s beneficiosa posible, se ha constatado el efecto y beneficio que tiene el ejercicio f\u00edsico en la prevenci\u00f3n de la mortandad y la mejora de la calidad de vida. Para promover dicha calidad tambi\u00e9n es importante la formaci\u00f3n y actitud que tienen los profesionales de la salud hacia los mayores, debida a la cada vez mayor demanda sanitaria. Es por esta mayor demanda de recursos y servicios donde los grupos de investigaci\u00f3n se plantean una investigaci\u00f3n interdisciplinar en el campo, considerando la importancia de conocer la prevalencia y factores de riesgo vinculados al envejecimiento y la propuesta de uso de t\u00e9cnicas nuevas como la estimulaci\u00f3n multisensorial o la posturograf\u00eda din\u00e1mica computarizada en la mejora de la calidad de vida.<\/p>\n<p class=\"feature Estilo16\">Hemos tenido entre nosotros al Dr. Voljc, vicepresidente del \u00e1rea de salud de la plataforma europea AGE, d\u00e1ndonos un avance de la realidad actual en la Uni\u00f3n Europea, con el 44% de las personas mayores de 65 a\u00f1os siendo optimistas en su satisfacci\u00f3n con la vida, datos que descienden al 20% en Grecia e incrementan al 85% en Suecia, directamente vinculados a la actual crisis europea, alertando sobre la pobreza, el estado sanitario, de vivienda o de posici\u00f3n social de los mayores.<\/p>\n<p class=\"feature Estilo16\">Precisamente desde las entidades prestadoras de servicios sociocomunitarios se han abordado diferentes programas de acci\u00f3n social dirigidos a mayores y\/o sus familias y los servicios de institucionalizaci\u00f3n, de cada vez mayor calidad y con una m\u00e1s amplia cartera de servicios. Es importante cambiar la perspectiva que ten\u00edamos en el dise\u00f1o de la atenci\u00f3n, dirigi\u00e9ndonos hacia la persona como fin \u00faltimo y cambiando nuestras estructuras de cuidado hacia las nuevas necesidades del usuario.<\/p>\n<p class=\"feature Estilo16\">Es preciso conocer el estado de nuestros mayores, por lo que hemos participado en dos talleres especializados en el \u00e1rea cognitiva y f\u00edsico\/funcional dirigidos a especializar la valoraci\u00f3n de los profesionales de salud.<\/p>\n<p class=\"feature Estilo16\">En base a su valoraci\u00f3n y necesidades, las nuevas tecnolog\u00edas y servicios en gerontolog\u00eda y geriatr\u00eda son un recurso a considerar en el abordaje del cuidado, que se est\u00e1 considerando en la futura normativa reguladora de la cartera de servicios en Galicia, promoviendo la especializaci\u00f3n, la rentabilidad y la diversificaci\u00f3n. Desde la diversidad, hemos conocido tres servicios de apoyo: Telegerontolog\u00eda\u00ae, un nuevo dispositivo de teleasistencia avanzada y apoyo gerontol\u00f3gico a domicilio dirigido al usuario y\/o su cuidador, permitiendo a las personas mayores mantenerse en su domicilio sin necesidad de institucionalizaci\u00f3n; adem\u00e1s se ha hablado de MiAvizor y de SAM-TV como desarrollos gallegos basados en las TIC.<\/p>\n<p class=\"feature Estilo16\">Todos estos servicios aportan apoyo a la atenci\u00f3n dirigida desde la atenci\u00f3n primaria. Debemos conocer la importancia de los principales s\u00edndromes geri\u00e1tricos y el manejo interdisciplinar de la incontinencia urinaria y sus consecuencias, al igual que la polimedicaci\u00f3n y la necesaria gesti\u00f3n de procesos de la misma, factores importantes en los programas de prevenci\u00f3n de la dependencia, adem\u00e1s de la importancia de ayudar a comprender el camino a seguir cuando esa dependencia viene determinada por la enfermedad de Alzheimer. Es importante conocer la epidemiolog\u00eda de las caracter\u00edsticas vinculadas al envejecimiento y sus factores de riesgo, de ah\u00ed la importancia de estudios como el del registro de demencias de Girona como sistema de vigilancia epidemiol\u00f3gica. Tambi\u00e9n destacar los estudios Nar\u00f3n y Verisa\u00fade y su importancia en la situaci\u00f3n de la poblaci\u00f3n gallega, evidenciando factores de riesgo y predictores de las enfermedades ligadas al envejecimiento de forma transversal y longitudinal. Se\u00f1alar adem\u00e1s la situaci\u00f3n en Portugal sobre factores de estr\u00e9s en cuidadores y su efecto en el cuidado, vi\u00e9ndose relacionados con el nivel de dependencia del paciente y el riesgo de abuso f\u00edsico, psicol\u00f3gico o emocional. Comentar tambi\u00e9n los diferentes debates y exposiciones del \u00e1rea cl\u00ednica y social en las diferentes comunicaciones orales impartidas en el congreso. Y para cerrarlo, la calidad de exposici\u00f3n del Dr. Cudeiro, nos ha presentado uno de los grandes problemas vinculados al envejecimiento, las ca\u00eddas, desarrollando un estudio comparativo en mayores sanos versus personas con enfermedad de Parkinson, evaluando ca\u00eddas debidas principalmente a las alteraciones de la marcha y la estabilidad postural y estableciendo estrategias de evaluaci\u00f3n de la capacidad motriz y estrategias de intervenci\u00f3n mediante la Realidad Virtual como t\u00e9cnica de reeducaci\u00f3n funcional.<\/p>\n<p class=\"feature Estilo16\">Es importante por lo tanto, apostar por la financiaci\u00f3n y los recursos humanos vinculados a la I+D+i en los organismo y grupos que promovemos que la sociedad pueda alcanzar un envejecimiento activo y saludable.<\/p>\n<p class=\"Estilo16\" align=\"right\">Comit\u00e9 Cient\u00edfico<\/p>\n","protected":false},"excerpt":{"rendered":"<p>En nombre del Comit\u00e9 Organizador y Cient\u00edfico queremos agradeceros una vez m\u00e1s el haber participado en este XXV Congreso Internacional de la SGXX. Este evento nos ha mostrado la realidad de la Investigaci\u00f3n, el Desarrollo y la Innovaci\u00f3n en Gerontolog\u00eda y Geriatr\u00eda. A modo de resumen, desarrollamos a continuaci\u00f3n los principales temas tratados: Hemos abierto [&hellip;]<\/p>\n","protected":false},"author":3,"featured_media":0,"comment_status":"closed","ping_status":"open","sticky":false,"template":"","format":"standard","meta":{"footnotes":""},"categories":[2],"tags":[],"class_list":["post-561","post","type-post","status-publish","format-standard","hentry","category-actividades-e-congresos"],"yoast_head":"<!-- This site is optimized with the Yoast SEO plugin v27.4 - https:\/\/yoast.com\/product\/yoast-seo-wordpress\/ -->\n<title>Acta, resumen y principales conclusiones del XXV Congreso Internacional de la SGXX - SGXX<\/title>\n<meta name=\"robots\" content=\"index, follow, max-snippet:-1, max-image-preview:large, max-video-preview:-1\" \/>\n<link rel=\"canonical\" href=\"https:\/\/sgxx.org\/es\/acta-resumen-y-principales-conclusiones-del-xxv-congreso-internacional-de-la-sgxx\/\" \/>\n<meta property=\"og:locale\" content=\"es_ES\" \/>\n<meta property=\"og:type\" content=\"article\" \/>\n<meta property=\"og:title\" content=\"Acta, resumen y principales conclusiones del XXV Congreso Internacional de la SGXX - SGXX\" \/>\n<meta property=\"og:description\" content=\"En nombre del Comit\u00e9 Organizador y Cient\u00edfico queremos agradeceros una vez m\u00e1s el haber participado en este XXV Congreso Internacional de la SGXX. Este evento nos ha mostrado la realidad de la Investigaci\u00f3n, el Desarrollo y la Innovaci\u00f3n en Gerontolog\u00eda y Geriatr\u00eda. A modo de resumen, desarrollamos a continuaci\u00f3n los principales temas tratados: Hemos abierto [&hellip;]\" \/>\n<meta property=\"og:url\" content=\"https:\/\/sgxx.org\/es\/acta-resumen-y-principales-conclusiones-del-xxv-congreso-internacional-de-la-sgxx\/\" \/>\n<meta property=\"og:site_name\" content=\"SGXX\" \/>\n<meta property=\"article:publisher\" content=\"https:\/\/es-es.facebook.com\/pages\/Sociedade-Galega-Xerontoloxia-e-Xeriatria\/327400652646\" \/>\n<meta property=\"article:published_time\" content=\"2013-05-08T17:35:32+00:00\" \/>\n<meta property=\"article:modified_time\" content=\"2022-11-08T17:50:08+00:00\" \/>\n<meta property=\"og:image\" content=\"https:\/\/sgxx.org\/images\/anamaseda.jpg\" \/>\n<meta name=\"author\" content=\"Comunicaci\u00f3n SGXX\" \/>\n<meta name=\"twitter:card\" content=\"summary_large_image\" \/>\n<meta name=\"twitter:label1\" content=\"Escrito por\" \/>\n\t<meta name=\"twitter:data1\" content=\"Comunicaci\u00f3n SGXX\" \/>\n\t<meta name=\"twitter:label2\" content=\"Tiempo de lectura\" \/>\n\t<meta name=\"twitter:data2\" content=\"5 minutos\" \/>\n<script type=\"application\/ld+json\" class=\"yoast-schema-graph\">{\"@context\":\"https:\\\/\\\/schema.org\",\"@graph\":[{\"@type\":\"Article\",\"@id\":\"https:\\\/\\\/sgxx.org\\\/es\\\/acta-resumen-y-principales-conclusiones-del-xxv-congreso-internacional-de-la-sgxx\\\/#article\",\"isPartOf\":{\"@id\":\"https:\\\/\\\/sgxx.org\\\/es\\\/acta-resumen-y-principales-conclusiones-del-xxv-congreso-internacional-de-la-sgxx\\\/\"},\"author\":{\"name\":\"Comunicaci\u00f3n SGXX\",\"@id\":\"https:\\\/\\\/sgxx.org\\\/#\\\/schema\\\/person\\\/6ff53a68441cbed603a543cc7deea4ad\"},\"headline\":\"Acta, resumen y principales conclusiones del XXV Congreso Internacional de la SGXX\",\"datePublished\":\"2013-05-08T17:35:32+00:00\",\"dateModified\":\"2022-11-08T17:50:08+00:00\",\"mainEntityOfPage\":{\"@id\":\"https:\\\/\\\/sgxx.org\\\/es\\\/acta-resumen-y-principales-conclusiones-del-xxv-congreso-internacional-de-la-sgxx\\\/\"},\"wordCount\":1088,\"publisher\":{\"@id\":\"https:\\\/\\\/sgxx.org\\\/#organization\"},\"image\":{\"@id\":\"https:\\\/\\\/sgxx.org\\\/es\\\/acta-resumen-y-principales-conclusiones-del-xxv-congreso-internacional-de-la-sgxx\\\/#primaryimage\"},\"thumbnailUrl\":\"https:\\\/\\\/sgxx.org\\\/images\\\/anamaseda.jpg\",\"articleSection\":[\"Actividades e Congresos\"],\"inLanguage\":\"es\"},{\"@type\":\"WebPage\",\"@id\":\"https:\\\/\\\/sgxx.org\\\/es\\\/acta-resumen-y-principales-conclusiones-del-xxv-congreso-internacional-de-la-sgxx\\\/\",\"url\":\"https:\\\/\\\/sgxx.org\\\/es\\\/acta-resumen-y-principales-conclusiones-del-xxv-congreso-internacional-de-la-sgxx\\\/\",\"name\":\"Acta, resumen y principales conclusiones del XXV Congreso Internacional de la SGXX - SGXX\",\"isPartOf\":{\"@id\":\"https:\\\/\\\/sgxx.org\\\/#website\"},\"primaryImageOfPage\":{\"@id\":\"https:\\\/\\\/sgxx.org\\\/es\\\/acta-resumen-y-principales-conclusiones-del-xxv-congreso-internacional-de-la-sgxx\\\/#primaryimage\"},\"image\":{\"@id\":\"https:\\\/\\\/sgxx.org\\\/es\\\/acta-resumen-y-principales-conclusiones-del-xxv-congreso-internacional-de-la-sgxx\\\/#primaryimage\"},\"thumbnailUrl\":\"https:\\\/\\\/sgxx.org\\\/images\\\/anamaseda.jpg\",\"datePublished\":\"2013-05-08T17:35:32+00:00\",\"dateModified\":\"2022-11-08T17:50:08+00:00\",\"breadcrumb\":{\"@id\":\"https:\\\/\\\/sgxx.org\\\/es\\\/acta-resumen-y-principales-conclusiones-del-xxv-congreso-internacional-de-la-sgxx\\\/#breadcrumb\"},\"inLanguage\":\"es\",\"potentialAction\":[{\"@type\":\"ReadAction\",\"target\":[\"https:\\\/\\\/sgxx.org\\\/es\\\/acta-resumen-y-principales-conclusiones-del-xxv-congreso-internacional-de-la-sgxx\\\/\"]}]},{\"@type\":\"ImageObject\",\"inLanguage\":\"es\",\"@id\":\"https:\\\/\\\/sgxx.org\\\/es\\\/acta-resumen-y-principales-conclusiones-del-xxv-congreso-internacional-de-la-sgxx\\\/#primaryimage\",\"url\":\"https:\\\/\\\/sgxx.org\\\/images\\\/anamaseda.jpg\",\"contentUrl\":\"https:\\\/\\\/sgxx.org\\\/images\\\/anamaseda.jpg\"},{\"@type\":\"BreadcrumbList\",\"@id\":\"https:\\\/\\\/sgxx.org\\\/es\\\/acta-resumen-y-principales-conclusiones-del-xxv-congreso-internacional-de-la-sgxx\\\/#breadcrumb\",\"itemListElement\":[{\"@type\":\"ListItem\",\"position\":1,\"name\":\"Portada\",\"item\":\"https:\\\/\\\/sgxx.org\\\/es\\\/\"},{\"@type\":\"ListItem\",\"position\":2,\"name\":\"Acta, resumen y principales conclusiones del XXV Congreso Internacional de la SGXX\"}]},{\"@type\":\"WebSite\",\"@id\":\"https:\\\/\\\/sgxx.org\\\/#website\",\"url\":\"https:\\\/\\\/sgxx.org\\\/\",\"name\":\"SGXX\",\"description\":\"Web da Sociedade Galega de Xerontolox\u00eda e Xeriatr\u00eda\",\"publisher\":{\"@id\":\"https:\\\/\\\/sgxx.org\\\/#organization\"},\"potentialAction\":[{\"@type\":\"SearchAction\",\"target\":{\"@type\":\"EntryPoint\",\"urlTemplate\":\"https:\\\/\\\/sgxx.org\\\/?s={search_term_string}\"},\"query-input\":{\"@type\":\"PropertyValueSpecification\",\"valueRequired\":true,\"valueName\":\"search_term_string\"}}],\"inLanguage\":\"es\"},{\"@type\":\"Organization\",\"@id\":\"https:\\\/\\\/sgxx.org\\\/#organization\",\"name\":\"Sociedade Galega de Xerontolox\u00eda e Xeriatr\u00eda (SGXX)\",\"url\":\"https:\\\/\\\/sgxx.org\\\/\",\"logo\":{\"@type\":\"ImageObject\",\"inLanguage\":\"es\",\"@id\":\"https:\\\/\\\/sgxx.org\\\/#\\\/schema\\\/logo\\\/image\\\/\",\"url\":\"https:\\\/\\\/sgxx.org\\\/wp-content\\\/uploads\\\/2016\\\/09\\\/sgxx-logo-1.png\",\"contentUrl\":\"https:\\\/\\\/sgxx.org\\\/wp-content\\\/uploads\\\/2016\\\/09\\\/sgxx-logo-1.png\",\"width\":200,\"height\":200,\"caption\":\"Sociedade Galega de Xerontolox\u00eda e Xeriatr\u00eda (SGXX)\"},\"image\":{\"@id\":\"https:\\\/\\\/sgxx.org\\\/#\\\/schema\\\/logo\\\/image\\\/\"},\"sameAs\":[\"https:\\\/\\\/es-es.facebook.com\\\/pages\\\/Sociedade-Galega-Xerontoloxia-e-Xeriatria\\\/327400652646\"]},{\"@type\":\"Person\",\"@id\":\"https:\\\/\\\/sgxx.org\\\/#\\\/schema\\\/person\\\/6ff53a68441cbed603a543cc7deea4ad\",\"name\":\"Comunicaci\u00f3n SGXX\",\"image\":{\"@type\":\"ImageObject\",\"inLanguage\":\"es\",\"@id\":\"https:\\\/\\\/secure.gravatar.com\\\/avatar\\\/e3e5e584f6a676cdca6957289472b6c0e22e4ddba0fefe9522ac7c10765b2b7a?s=96&d=mm&r=g\",\"url\":\"https:\\\/\\\/secure.gravatar.com\\\/avatar\\\/e3e5e584f6a676cdca6957289472b6c0e22e4ddba0fefe9522ac7c10765b2b7a?s=96&d=mm&r=g\",\"contentUrl\":\"https:\\\/\\\/secure.gravatar.com\\\/avatar\\\/e3e5e584f6a676cdca6957289472b6c0e22e4ddba0fefe9522ac7c10765b2b7a?s=96&d=mm&r=g\",\"caption\":\"Comunicaci\u00f3n SGXX\"}}]}<\/script>\n<!-- \/ Yoast SEO plugin. -->","yoast_head_json":{"title":"Acta, resumen y principales conclusiones del XXV Congreso Internacional de la SGXX - SGXX","robots":{"index":"index","follow":"follow","max-snippet":"max-snippet:-1","max-image-preview":"max-image-preview:large","max-video-preview":"max-video-preview:-1"},"canonical":"https:\/\/sgxx.org\/es\/acta-resumen-y-principales-conclusiones-del-xxv-congreso-internacional-de-la-sgxx\/","og_locale":"es_ES","og_type":"article","og_title":"Acta, resumen y principales conclusiones del XXV Congreso Internacional de la SGXX - SGXX","og_description":"En nombre del Comit\u00e9 Organizador y Cient\u00edfico queremos agradeceros una vez m\u00e1s el haber participado en este XXV Congreso Internacional de la SGXX. Este evento nos ha mostrado la realidad de la Investigaci\u00f3n, el Desarrollo y la Innovaci\u00f3n en Gerontolog\u00eda y Geriatr\u00eda. A modo de resumen, desarrollamos a continuaci\u00f3n los principales temas tratados: Hemos abierto [&hellip;]","og_url":"https:\/\/sgxx.org\/es\/acta-resumen-y-principales-conclusiones-del-xxv-congreso-internacional-de-la-sgxx\/","og_site_name":"SGXX","article_publisher":"https:\/\/es-es.facebook.com\/pages\/Sociedade-Galega-Xerontoloxia-e-Xeriatria\/327400652646","article_published_time":"2013-05-08T17:35:32+00:00","article_modified_time":"2022-11-08T17:50:08+00:00","og_image":[{"url":"https:\/\/sgxx.org\/images\/anamaseda.jpg","type":"","width":"","height":""}],"author":"Comunicaci\u00f3n SGXX","twitter_card":"summary_large_image","twitter_misc":{"Escrito por":"Comunicaci\u00f3n SGXX","Tiempo de lectura":"5 minutos"},"schema":{"@context":"https:\/\/schema.org","@graph":[{"@type":"Article","@id":"https:\/\/sgxx.org\/es\/acta-resumen-y-principales-conclusiones-del-xxv-congreso-internacional-de-la-sgxx\/#article","isPartOf":{"@id":"https:\/\/sgxx.org\/es\/acta-resumen-y-principales-conclusiones-del-xxv-congreso-internacional-de-la-sgxx\/"},"author":{"name":"Comunicaci\u00f3n SGXX","@id":"https:\/\/sgxx.org\/#\/schema\/person\/6ff53a68441cbed603a543cc7deea4ad"},"headline":"Acta, resumen y principales conclusiones del XXV Congreso Internacional de la SGXX","datePublished":"2013-05-08T17:35:32+00:00","dateModified":"2022-11-08T17:50:08+00:00","mainEntityOfPage":{"@id":"https:\/\/sgxx.org\/es\/acta-resumen-y-principales-conclusiones-del-xxv-congreso-internacional-de-la-sgxx\/"},"wordCount":1088,"publisher":{"@id":"https:\/\/sgxx.org\/#organization"},"image":{"@id":"https:\/\/sgxx.org\/es\/acta-resumen-y-principales-conclusiones-del-xxv-congreso-internacional-de-la-sgxx\/#primaryimage"},"thumbnailUrl":"https:\/\/sgxx.org\/images\/anamaseda.jpg","articleSection":["Actividades e Congresos"],"inLanguage":"es"},{"@type":"WebPage","@id":"https:\/\/sgxx.org\/es\/acta-resumen-y-principales-conclusiones-del-xxv-congreso-internacional-de-la-sgxx\/","url":"https:\/\/sgxx.org\/es\/acta-resumen-y-principales-conclusiones-del-xxv-congreso-internacional-de-la-sgxx\/","name":"Acta, resumen y principales conclusiones del XXV Congreso Internacional de la SGXX - SGXX","isPartOf":{"@id":"https:\/\/sgxx.org\/#website"},"primaryImageOfPage":{"@id":"https:\/\/sgxx.org\/es\/acta-resumen-y-principales-conclusiones-del-xxv-congreso-internacional-de-la-sgxx\/#primaryimage"},"image":{"@id":"https:\/\/sgxx.org\/es\/acta-resumen-y-principales-conclusiones-del-xxv-congreso-internacional-de-la-sgxx\/#primaryimage"},"thumbnailUrl":"https:\/\/sgxx.org\/images\/anamaseda.jpg","datePublished":"2013-05-08T17:35:32+00:00","dateModified":"2022-11-08T17:50:08+00:00","breadcrumb":{"@id":"https:\/\/sgxx.org\/es\/acta-resumen-y-principales-conclusiones-del-xxv-congreso-internacional-de-la-sgxx\/#breadcrumb"},"inLanguage":"es","potentialAction":[{"@type":"ReadAction","target":["https:\/\/sgxx.org\/es\/acta-resumen-y-principales-conclusiones-del-xxv-congreso-internacional-de-la-sgxx\/"]}]},{"@type":"ImageObject","inLanguage":"es","@id":"https:\/\/sgxx.org\/es\/acta-resumen-y-principales-conclusiones-del-xxv-congreso-internacional-de-la-sgxx\/#primaryimage","url":"https:\/\/sgxx.org\/images\/anamaseda.jpg","contentUrl":"https:\/\/sgxx.org\/images\/anamaseda.jpg"},{"@type":"BreadcrumbList","@id":"https:\/\/sgxx.org\/es\/acta-resumen-y-principales-conclusiones-del-xxv-congreso-internacional-de-la-sgxx\/#breadcrumb","itemListElement":[{"@type":"ListItem","position":1,"name":"Portada","item":"https:\/\/sgxx.org\/es\/"},{"@type":"ListItem","position":2,"name":"Acta, resumen y principales conclusiones del XXV Congreso Internacional de la SGXX"}]},{"@type":"WebSite","@id":"https:\/\/sgxx.org\/#website","url":"https:\/\/sgxx.org\/","name":"SGXX","description":"Web da Sociedade Galega de Xerontolox\u00eda e Xeriatr\u00eda","publisher":{"@id":"https:\/\/sgxx.org\/#organization"},"potentialAction":[{"@type":"SearchAction","target":{"@type":"EntryPoint","urlTemplate":"https:\/\/sgxx.org\/?s={search_term_string}"},"query-input":{"@type":"PropertyValueSpecification","valueRequired":true,"valueName":"search_term_string"}}],"inLanguage":"es"},{"@type":"Organization","@id":"https:\/\/sgxx.org\/#organization","name":"Sociedade Galega de Xerontolox\u00eda e Xeriatr\u00eda (SGXX)","url":"https:\/\/sgxx.org\/","logo":{"@type":"ImageObject","inLanguage":"es","@id":"https:\/\/sgxx.org\/#\/schema\/logo\/image\/","url":"https:\/\/sgxx.org\/wp-content\/uploads\/2016\/09\/sgxx-logo-1.png","contentUrl":"https:\/\/sgxx.org\/wp-content\/uploads\/2016\/09\/sgxx-logo-1.png","width":200,"height":200,"caption":"Sociedade Galega de Xerontolox\u00eda e Xeriatr\u00eda (SGXX)"},"image":{"@id":"https:\/\/sgxx.org\/#\/schema\/logo\/image\/"},"sameAs":["https:\/\/es-es.facebook.com\/pages\/Sociedade-Galega-Xerontoloxia-e-Xeriatria\/327400652646"]},{"@type":"Person","@id":"https:\/\/sgxx.org\/#\/schema\/person\/6ff53a68441cbed603a543cc7deea4ad","name":"Comunicaci\u00f3n SGXX","image":{"@type":"ImageObject","inLanguage":"es","@id":"https:\/\/secure.gravatar.com\/avatar\/e3e5e584f6a676cdca6957289472b6c0e22e4ddba0fefe9522ac7c10765b2b7a?s=96&d=mm&r=g","url":"https:\/\/secure.gravatar.com\/avatar\/e3e5e584f6a676cdca6957289472b6c0e22e4ddba0fefe9522ac7c10765b2b7a?s=96&d=mm&r=g","contentUrl":"https:\/\/secure.gravatar.com\/avatar\/e3e5e584f6a676cdca6957289472b6c0e22e4ddba0fefe9522ac7c10765b2b7a?s=96&d=mm&r=g","caption":"Comunicaci\u00f3n SGXX"}}]}},"_links":{"self":[{"href":"https:\/\/sgxx.org\/es\/wp-json\/wp\/v2\/posts\/561","targetHints":{"allow":["GET"]}}],"collection":[{"href":"https:\/\/sgxx.org\/es\/wp-json\/wp\/v2\/posts"}],"about":[{"href":"https:\/\/sgxx.org\/es\/wp-json\/wp\/v2\/types\/post"}],"author":[{"embeddable":true,"href":"https:\/\/sgxx.org\/es\/wp-json\/wp\/v2\/users\/3"}],"replies":[{"embeddable":true,"href":"https:\/\/sgxx.org\/es\/wp-json\/wp\/v2\/comments?post=561"}],"version-history":[{"count":1,"href":"https:\/\/sgxx.org\/es\/wp-json\/wp\/v2\/posts\/561\/revisions"}],"predecessor-version":[{"id":562,"href":"https:\/\/sgxx.org\/es\/wp-json\/wp\/v2\/posts\/561\/revisions\/562"}],"wp:attachment":[{"href":"https:\/\/sgxx.org\/es\/wp-json\/wp\/v2\/media?parent=561"}],"wp:term":[{"taxonomy":"category","embeddable":true,"href":"https:\/\/sgxx.org\/es\/wp-json\/wp\/v2\/categories?post=561"},{"taxonomy":"post_tag","embeddable":true,"href":"https:\/\/sgxx.org\/es\/wp-json\/wp\/v2\/tags?post=561"}],"curies":[{"name":"wp","href":"https:\/\/api.w.org\/{rel}","templated":true}]}}